{"@context":{"dc":"http:\/\/purl.org\/dc\/elements\/1.1\/","skos":"http:\/\/www.w3.org\/2004\/02\/skos\/core#","skos:broader":{"@type":"@id"},"skos:inScheme":{"@type":"@id"},"skos:related":{"@type":"@id"},"skos:narrower":{"@type":"@id"},"skos:hasTopConcept":{"@type":"@id"},"skos:topConceptOf":{"@type":"@id"}},"@id":"https:\/\/adm.senado.leg.br\/vcb\/vocab\/skos\/6344","@type":"skos:Concept","skos:prefLabel":{"@language":"pt-BR","@value=":"Carv\u00e3o mineral como combust\u00edvel"},"skos:inScheme":"https:\/\/adm.senado.leg.br\/vcb\/vocab\/","dct:created":"2020-09-18 17:43:21","skos:definition":[{"@lang":"pt-BR","@value":"Tamb\u00e9m conhecido como \u201ccarv\u00e3o vapor\u201d, utilizado em caldeiras, geradores de calor e fornos rotativos de calcina\u00e7\u00e3o. Sua maior aplica\u00e7\u00e3o industrial tem sido na gera\u00e7\u00e3o de energia el\u00e9trica, em usinas que usam caldeiras de leito fluidizado ou com queima pulverizada.$uhttps:\/\/www.carboniferadocambui.com.br\/utilizacao.php "}],"skos:broader":["https:\/\/adm.senado.leg.br\/vcb\/vocab\/skos\/6333","https:\/\/adm.senado.leg.br\/vcb\/vocab\/skos\/5309","https:\/\/adm.senado.leg.br\/vcb\/vocab\/skos\/6328"],"skos:altLabel":[{"language":"pt-BR","value":"Carv\u00e3o energ\u00e9tico"},{"language":"pt-BR","value":"Carv\u00e3o vapor"},{"language":"pt-BR","value":"Rejeito carbonoso"}],"skos:related":["https:\/\/adm.senado.leg.br\/vcb\/vocab\/skos\/6348"]}