{"@context":{"dc":"http:\/\/purl.org\/dc\/elements\/1.1\/","skos":"http:\/\/www.w3.org\/2004\/02\/skos\/core#","skos:broader":{"@type":"@id"},"skos:inScheme":{"@type":"@id"},"skos:related":{"@type":"@id"},"skos:narrower":{"@type":"@id"},"skos:hasTopConcept":{"@type":"@id"},"skos:topConceptOf":{"@type":"@id"}},"@id":"https:\/\/adm.senado.leg.br\/vcb\/vocab\/skos\/6398","@type":"skos:Concept","skos:prefLabel":{"@language":"pt-BR","@value=":"Nexo de causalidade"},"skos:inScheme":"https:\/\/adm.senado.leg.br\/vcb\/vocab\/","dct:created":"2020-09-18 17:43:21","skos:definition":[{"@lang":"ab","@value":"V\u00ednculo f\u00e1tico que liga o efeito \u00e0 causa, ou seja, \u00e9 a comprova\u00e7\u00e3o de que houve dano efetivo, motivado por a\u00e7\u00e3o, volunt\u00e1ria, neglig\u00eancia ou imprud\u00eancia daquele que causou o dano.$uhttp:\/\/www.normaslegais.com.br\/juridico\/nexo-causal.htm#:~:text=NEXO%20CAUSAL&amp;text=O%20nexo%20de%20causalidade%20%C3%A9,daquele%20que%20causou%20o%20dano. "}],"skos:altLabel":[{"language":"pt-BR","value":"Nexo causal"},{"language":"pt-BR","value":"Rela\u00e7\u00e3o causal"},{"language":"pt-BR","value":"Rela\u00e7\u00e3o de causalidade"}],"skos:related":["https:\/\/adm.senado.leg.br\/vcb\/vocab\/skos\/6392","https:\/\/adm.senado.leg.br\/vcb\/vocab\/skos\/6493","https:\/\/adm.senado.leg.br\/vcb\/vocab\/skos\/10098","https:\/\/adm.senado.leg.br\/vcb\/vocab\/skos\/14919","https:\/\/adm.senado.leg.br\/vcb\/vocab\/skos\/6497","https:\/\/adm.senado.leg.br\/vcb\/vocab\/skos\/3543","https:\/\/adm.senado.leg.br\/vcb\/vocab\/skos\/3920","https:\/\/adm.senado.leg.br\/vcb\/vocab\/skos\/7365"]}