{"@context":{"dc":"http:\/\/purl.org\/dc\/elements\/1.1\/","skos":"http:\/\/www.w3.org\/2004\/02\/skos\/core#","skos:broader":{"@type":"@id"},"skos:inScheme":{"@type":"@id"},"skos:related":{"@type":"@id"},"skos:narrower":{"@type":"@id"},"skos:hasTopConcept":{"@type":"@id"},"skos:topConceptOf":{"@type":"@id"}},"@id":"https:\/\/adm.senado.leg.br\/vcb\/vocab\/skos\/6419","@type":"skos:Concept","skos:prefLabel":{"@language":"pt-BR","@value=":"Maus-tratos"},"skos:inScheme":"https:\/\/adm.senado.leg.br\/vcb\/vocab\/","dct:created":"2020-09-18 17:43:21","skos:definition":[{"@lang":"ab","@value":"No Brasil, previsto no art. 136 do C\u00f3digo Penal: \"Expor a perigo a vida ou a sa\u00fade de pessoa sob sua autoridade, guarda ou vigil\u00e2ncia, para fim de educa\u00e7\u00e3o, ensino, tratamento ou cust\u00f3dia, quer privando-a de alimenta\u00e7\u00e3o ou cuidados indispens\u00e1veis, quer sujeitando-a a trabalho excessivo ou inadequado, quer abusando de meios de corre\u00e7\u00e3o ou disciplina.\" "}],"skos:editorialNote":[{"@lang":"ab","@value":"341.5562 "}],"skos:narrower":["https:\/\/adm.senado.leg.br\/vcb\/vocab\/skos\/6417","https:\/\/adm.senado.leg.br\/vcb\/vocab\/skos\/20234"],"skos:broader":["https:\/\/adm.senado.leg.br\/vcb\/vocab\/skos\/40"],"skos:altLabel":[{"language":"pt-BR","value":"Crime de maus-tratos"},{"language":"pt-BR","value":"Maus tratos"},{"language":"pt-BR","value":"Maus-tratos de pessoa"},{"language":"pt-BR","value":"Ofensa f\u00edsica"},{"language":"pt-BR","value":"Tratamento cruel e degradante"}],"skos:related":["https:\/\/adm.senado.leg.br\/vcb\/vocab\/skos\/9672","https:\/\/adm.senado.leg.br\/vcb\/vocab\/skos\/9791","https:\/\/adm.senado.leg.br\/vcb\/vocab\/skos\/9682"]}