{"@context":{"dc":"http:\/\/purl.org\/dc\/elements\/1.1\/","skos":"http:\/\/www.w3.org\/2004\/02\/skos\/core#","skos:broader":{"@type":"@id"},"skos:inScheme":{"@type":"@id"},"skos:related":{"@type":"@id"},"skos:narrower":{"@type":"@id"},"skos:hasTopConcept":{"@type":"@id"},"skos:topConceptOf":{"@type":"@id"}},"@id":"https:\/\/adm.senado.leg.br\/vcb\/vocab\/skos\/647","@type":"skos:Concept","skos:prefLabel":{"@language":"pt-BR","@value=":"Acess\u00e3o"},"skos:inScheme":"https:\/\/adm.senado.leg.br\/vcb\/vocab\/","dct:created":"2020-09-18 17:42:58","skos:definition":[{"@lang":"ab","@value":"Acess\u00e3o\u00a0\u00e9 o\u00a0direito\u00a0em raz\u00e3o do qual o\u00a0propriet\u00e1rio\u00a0de qualquer\u00a0bem adquire tamb\u00e9m a propriedade de todos os acess\u00f3rios que a ele aderem. Assim, o propriet\u00e1rio de determinado terreno marginal a um\u00a0rio\u00a0adquire a propriedade dos dep\u00f3sitos de terra que forem acrescidos pelas \u00e1guas, ou dos frutos produzidos nele, isto \u00e9, de tudo que se incorpora natural ou industrialmente ao seu terreno.$vWikipedia "}],"skos:editorialNote":[{"@lang":"ab","@value":"342.12325 "}],"skos:broader":["https:\/\/adm.senado.leg.br\/vcb\/vocab\/skos\/11571"],"skos:related":["https:\/\/adm.senado.leg.br\/vcb\/vocab\/skos\/27","https:\/\/adm.senado.leg.br\/vcb\/vocab\/skos\/648","https:\/\/adm.senado.leg.br\/vcb\/vocab\/skos\/20916"]}