{"@context":{"dc":"http:\/\/purl.org\/dc\/elements\/1.1\/","skos":"http:\/\/www.w3.org\/2004\/02\/skos\/core#","skos:broader":{"@type":"@id"},"skos:inScheme":{"@type":"@id"},"skos:related":{"@type":"@id"},"skos:narrower":{"@type":"@id"},"skos:hasTopConcept":{"@type":"@id"},"skos:topConceptOf":{"@type":"@id"}},"@id":"https:\/\/adm.senado.leg.br\/vcb\/vocab\/skos\/650","@type":"skos:Concept","skos:prefLabel":{"@language":"pt-BR","@value=":"Barreira \u00e0 acessibilidade"},"skos:inScheme":"https:\/\/adm.senado.leg.br\/vcb\/vocab\/","dct:created":"2020-09-18 17:42:58","skos:definition":[{"@lang":"ab","@value":"Qualquer entrave ou obst\u00e1culo que limite ou impe\u00e7a o acesso, a liberdade de movimento, a circula\u00e7\u00e3o com seguran\u00e7a e a possibilidade de as pessoas se comunicarem ou terem acesso \u00e0 informa\u00e7\u00e3o. (Decreto n. 5.296\/2004) "}],"skos:broader":["https:\/\/adm.senado.leg.br\/vcb\/vocab\/skos\/329"],"skos:altLabel":[{"language":"pt-BR","value":"Barreira arquitet\u00f4nica"},{"language":"pt-BR","value":"Barreira na acessibilidade"},{"language":"pt-BR","value":"Barreira nas comunica\u00e7\u00f5es e informa\u00e7\u00e3o"},{"language":"pt-BR","value":"Barreira nas edifica\u00e7\u00f5es"},{"language":"pt-BR","value":"Barreira nos transportes"},{"language":"pt-BR","value":"Barreira urban\u00edstica"},{"language":"pt-BR","value":"Entrave \u00e0 acessibilidade"},{"language":"pt-BR","value":"Obst\u00e1culo \u00e0 acessibilidade"}],"skos:related":["https:\/\/adm.senado.leg.br\/vcb\/vocab\/skos\/4867","https:\/\/adm.senado.leg.br\/vcb\/vocab\/skos\/652","https:\/\/adm.senado.leg.br\/vcb\/vocab\/skos\/657","https:\/\/adm.senado.leg.br\/vcb\/vocab\/skos\/659","https:\/\/adm.senado.leg.br\/vcb\/vocab\/skos\/660","https:\/\/adm.senado.leg.br\/vcb\/vocab\/skos\/6198","https:\/\/adm.senado.leg.br\/vcb\/vocab\/skos\/663","https:\/\/adm.senado.leg.br\/vcb\/vocab\/skos\/664"]}