{"@context":{"dc":"http:\/\/purl.org\/dc\/elements\/1.1\/","skos":"http:\/\/www.w3.org\/2004\/02\/skos\/core#","skos:broader":{"@type":"@id"},"skos:inScheme":{"@type":"@id"},"skos:related":{"@type":"@id"},"skos:narrower":{"@type":"@id"},"skos:hasTopConcept":{"@type":"@id"},"skos:topConceptOf":{"@type":"@id"}},"@id":"https:\/\/adm.senado.leg.br\/vcb\/vocab\/skos\/6502","@type":"skos:Concept","skos:prefLabel":{"@language":"pt-BR","@value=":"Caverna"},"skos:inScheme":"https:\/\/adm.senado.leg.br\/vcb\/vocab\/","dct:created":"2020-09-18 17:43:21","skos:scopeNote":[{"@lang":"pt-BR","@value":"Para caverna ou gruta com nome espec\u00edfico, usar o nome como ela \u00e9 conhecida, na forma padronizada de nome geogr\u00e1fico, no campo assunto geogr\u00e1fico (651) e\/ou no subcampo $z dos campos 6XX. Ex.: Ubajara, Gruta de (Ubajara, CE) "}],"skos:definition":[{"@lang":"ab","@value":"Caverna, gruta ou gruna \u00e9 toda cavidade natural rochosa com dimens\u00f5es que permite o acesso a seres humanos. Podem ter desenvolvimento horizontal ou vertical em forma de galerias e sal\u00f5es. Ocorrem com maior frequ\u00eancia em terrenos formados por rochas sedimentares, mas tamb\u00e9m em rochas \u00edgneas e metam\u00f3rficas, al\u00e9m de geleiras e recifes de coral. S\u00e3o origin\u00e1rias de uma s\u00e9rie de processos geol\u00f3gicos que podem envolver uma combina\u00e7\u00e3o de transforma\u00e7\u00f5es qu\u00edmicas, tect\u00f4nicas, biol\u00f3gicas e atmosf\u00e9ricas. Devido \u00e0s condi\u00e7\u00f5es ambientais exclusivas das cavernas, esse ecossistema apresenta uma fauna especializada para viver em ambientes escuros e sem vegeta\u00e7\u00e3o nativa. Outros animais, como os morcegos, podem transitar entre seu interior e exterior. Em alguns casos essas cavidades tamb\u00e9m podem ser chamadas de tocas, lapas ou abismos.$vDICION\u00c1RIO de defini\u00e7\u00f5es e sin\u00f4nimos. "}],"skos:broader":["https:\/\/adm.senado.leg.br\/vcb\/vocab\/skos\/4685"],"skos:altLabel":[{"language":"pt-BR","value":"Furna"},{"language":"pt-BR","value":"Grot\u00e3o"},{"language":"pt-BR","value":"Gruna"},{"language":"pt-BR","value":"Gruta"},{"language":"pt-BR","value":"Toca"}],"skos:related":["https:\/\/adm.senado.leg.br\/vcb\/vocab\/skos\/6508","https:\/\/adm.senado.leg.br\/vcb\/vocab\/skos\/4289","https:\/\/adm.senado.leg.br\/vcb\/vocab\/skos\/6509"]}