{"@context":{"dc":"http:\/\/purl.org\/dc\/elements\/1.1\/","skos":"http:\/\/www.w3.org\/2004\/02\/skos\/core#","skos:broader":{"@type":"@id"},"skos:inScheme":{"@type":"@id"},"skos:related":{"@type":"@id"},"skos:narrower":{"@type":"@id"},"skos:hasTopConcept":{"@type":"@id"},"skos:topConceptOf":{"@type":"@id"}},"@id":"https:\/\/adm.senado.leg.br\/vcb\/vocab\/skos\/651","@type":"skos:Concept","skos:prefLabel":{"@language":"pt-BR","@value=":"Direitos e garantias individuais"},"skos:inScheme":"https:\/\/adm.senado.leg.br\/vcb\/vocab\/","dct:created":"2020-09-18 17:42:58","skos:definition":[{"@lang":"ab","@value":"Conjunto de dispositivos contidos na Constitui\u00e7\u00e3o brasileira de 1988 destinados a estabelecer direitos, garantias e deveres aos cidad\u00e3os brasileiros. Estes dispositivos sistematizam as no\u00e7\u00f5es b\u00e1sicas e centrais que regulam a vida social, pol\u00edtica e jur\u00eddica de todo o cidad\u00e3o brasileiro. Encontram-se regulados entre os artigos 5\u00ba ao 17\u00ba da Constitui\u00e7\u00e3o da Rep\u00fablica Federativa do Brasil. (VCE-TCU) "}],"skos:editorialNote":[{"@lang":"pt-BR","@value":"341.27 "}],"skos:narrower":["https:\/\/adm.senado.leg.br\/vcb\/vocab\/skos\/697","https:\/\/adm.senado.leg.br\/vcb\/vocab\/skos\/11236","https:\/\/adm.senado.leg.br\/vcb\/vocab\/skos\/11493","https:\/\/adm.senado.leg.br\/vcb\/vocab\/skos\/8635","https:\/\/adm.senado.leg.br\/vcb\/vocab\/skos\/5855","https:\/\/adm.senado.leg.br\/vcb\/vocab\/skos\/1413","https:\/\/adm.senado.leg.br\/vcb\/vocab\/skos\/11237","https:\/\/adm.senado.leg.br\/vcb\/vocab\/skos\/11864"],"skos:broader":["https:\/\/adm.senado.leg.br\/vcb\/vocab\/skos\/11317","https:\/\/adm.senado.leg.br\/vcb\/vocab\/skos\/11772"],"skos:altLabel":[{"language":"pt-BR","value":"Direitos do cidad\u00e3o"},{"language":"pt-BR","value":"Direitos e garantias fundamentais"},{"language":"pt-BR","value":"Direitos fundamentais"},{"language":"pt-BR","value":"Garantia constitucional"},{"language":"pt-BR","value":"Garantias constitucionais"},{"language":"pt-BR","value":"Garantias dos direitos individuais"},{"language":"pt-BR","value":"Garantias fundamentais"},{"language":"pt-BR","value":"Garantias individuais"},{"language":"pt-BR","value":"Liberdade p\u00fablica"}],"skos:related":["https:\/\/adm.senado.leg.br\/vcb\/vocab\/skos\/329","https:\/\/adm.senado.leg.br\/vcb\/vocab\/skos\/670","https:\/\/adm.senado.leg.br\/vcb\/vocab\/skos\/7294","https:\/\/adm.senado.leg.br\/vcb\/vocab\/skos\/14","https:\/\/adm.senado.leg.br\/vcb\/vocab\/skos\/10316","https:\/\/adm.senado.leg.br\/vcb\/vocab\/skos\/4112","https:\/\/adm.senado.leg.br\/vcb\/vocab\/skos\/29779","https:\/\/adm.senado.leg.br\/vcb\/vocab\/skos\/11860","https:\/\/adm.senado.leg.br\/vcb\/vocab\/skos\/11861","https:\/\/adm.senado.leg.br\/vcb\/vocab\/skos\/11862","https:\/\/adm.senado.leg.br\/vcb\/vocab\/skos\/662","https:\/\/adm.senado.leg.br\/vcb\/vocab\/skos\/11863","https:\/\/adm.senado.leg.br\/vcb\/vocab\/skos\/11100"]}