{"@context":{"dc":"http:\/\/purl.org\/dc\/elements\/1.1\/","skos":"http:\/\/www.w3.org\/2004\/02\/skos\/core#","skos:broader":{"@type":"@id"},"skos:inScheme":{"@type":"@id"},"skos:related":{"@type":"@id"},"skos:narrower":{"@type":"@id"},"skos:hasTopConcept":{"@type":"@id"},"skos:topConceptOf":{"@type":"@id"}},"@id":"https:\/\/adm.senado.leg.br\/vcb\/vocab\/skos\/6552","@type":"skos:Concept","skos:prefLabel":{"@language":"pt-BR","@value=":"Publicidade eletr\u00f4nica n\u00e3o solicitada"},"skos:inScheme":"https:\/\/adm.senado.leg.br\/vcb\/vocab\/","dct:created":"2020-09-18 17:43:22","skos:definition":[{"@lang":"ab","@value":"Comunica\u00e7\u00e3o n\u00e3o solicitada transmitida por comunica\u00e7\u00e3o electr\u00f4nica para prospec\u00e7\u00e3o direta.$vEurovoc$uhttp:\/\/eurovoc.europa.eu\/7947 "}],"skos:altLabel":[{"language":"pt-BR","value":"Comunica\u00e7\u00e3o comercial n\u00e3o solicitada"},{"language":"pt-BR","value":"Correio eletr\u00f4nico comercial n\u00e3o solicitado"},{"language":"pt-BR","value":"Correio eletr\u00f4nico indesejado"},{"language":"pt-BR","value":"Correio eletr\u00f4nico publicit\u00e1rio n\u00e3o solicitado"},{"language":"pt-BR","value":"Correio-lixo"},{"language":"pt-BR","value":"Junk email"},{"language":"pt-BR","value":"Publicidade electr\u00f4nica n\u00e3o solicitada"}],"skos:related":["https:\/\/adm.senado.leg.br\/vcb\/vocab\/skos\/3618","https:\/\/adm.senado.leg.br\/vcb\/vocab\/skos\/9467","https:\/\/adm.senado.leg.br\/vcb\/vocab\/skos\/6549"]}