{"@context":{"dc":"http:\/\/purl.org\/dc\/elements\/1.1\/","skos":"http:\/\/www.w3.org\/2004\/02\/skos\/core#","skos:broader":{"@type":"@id"},"skos:inScheme":{"@type":"@id"},"skos:related":{"@type":"@id"},"skos:narrower":{"@type":"@id"},"skos:hasTopConcept":{"@type":"@id"},"skos:topConceptOf":{"@type":"@id"}},"@id":"https:\/\/adm.senado.leg.br\/vcb\/vocab\/skos\/657","@type":"skos:Concept","skos:prefLabel":{"@language":"pt-BR","@value=":"Mobilidade urbana"},"skos:inScheme":"https:\/\/adm.senado.leg.br\/vcb\/vocab\/","dct:created":"2020-09-18 17:42:58","skos:definition":[{"@lang":"ab","@value":"\"[...] a mobilidade urbana \u00e9 um atributo das cidades, relativo ao deslocamento de pessoas e bens no espa\u00e7o urbano, utilizando para isto ve\u00edculos, vias e toda a infraestrutura urbana.$vBRASIL. Secretaria Nacional de Transporte e da Mobilidade Urbana, 2007 "},{"@lang":"ab","@value":"\"[...] condi\u00e7\u00e3o em que se realizam os deslocamentos de pessoas e cargas no espa\u00e7o urbano de um munic\u00edpio. [...] \u00e9 obtida por meio de pol\u00edticas de transporte e circula\u00e7\u00e3o que visam a melhoria da acessibilidade e mobilidade das pessoas e cargas no espa\u00e7o urbano, atrav\u00e9s da prioriza\u00e7\u00e3o dos modos de transporte coletivo e n\u00e3o motorizados de maneira efetiva, socialmente inclusiva e ecologicamente sustent\u00e1vel\". (GOLLNICK, Sergio. Viver urbanamente) "}],"skos:related":["https:\/\/adm.senado.leg.br\/vcb\/vocab\/skos\/329","https:\/\/adm.senado.leg.br\/vcb\/vocab\/skos\/650","https:\/\/adm.senado.leg.br\/vcb\/vocab\/skos\/5665","https:\/\/adm.senado.leg.br\/vcb\/vocab\/skos\/2715","https:\/\/adm.senado.leg.br\/vcb\/vocab\/skos\/5286","https:\/\/adm.senado.leg.br\/vcb\/vocab\/skos\/3035","https:\/\/adm.senado.leg.br\/vcb\/vocab\/skos\/3247","https:\/\/adm.senado.leg.br\/vcb\/vocab\/skos\/653","https:\/\/adm.senado.leg.br\/vcb\/vocab\/skos\/337","https:\/\/adm.senado.leg.br\/vcb\/vocab\/skos\/85","https:\/\/adm.senado.leg.br\/vcb\/vocab\/skos\/19656","https:\/\/adm.senado.leg.br\/vcb\/vocab\/skos\/6910","https:\/\/adm.senado.leg.br\/vcb\/vocab\/skos\/658","https:\/\/adm.senado.leg.br\/vcb\/vocab\/skos\/6912","https:\/\/adm.senado.leg.br\/vcb\/vocab\/skos\/4553","https:\/\/adm.senado.leg.br\/vcb\/vocab\/skos\/9451","https:\/\/adm.senado.leg.br\/vcb\/vocab\/skos\/5668","https:\/\/adm.senado.leg.br\/vcb\/vocab\/skos\/4409","https:\/\/adm.senado.leg.br\/vcb\/vocab\/skos\/665","https:\/\/adm.senado.leg.br\/vcb\/vocab\/skos\/666"]}