{"@context":{"dc":"http:\/\/purl.org\/dc\/elements\/1.1\/","skos":"http:\/\/www.w3.org\/2004\/02\/skos\/core#","skos:broader":{"@type":"@id"},"skos:inScheme":{"@type":"@id"},"skos:related":{"@type":"@id"},"skos:narrower":{"@type":"@id"},"skos:hasTopConcept":{"@type":"@id"},"skos:topConceptOf":{"@type":"@id"}},"@id":"https:\/\/adm.senado.leg.br\/vcb\/vocab\/skos\/6574","@type":"skos:Concept","skos:prefLabel":{"@language":"pt-BR","@value=":"Censo demogr\u00e1fico"},"skos:inScheme":"https:\/\/adm.senado.leg.br\/vcb\/vocab\/","dct:created":"2020-09-18 17:43:22","skos:scopeNote":[{"@lang":"pt-BR","@value":"Indicar o ano, sempre que poss\u00edvel. Ex.: Censo demogr\u00e1fico, Brasil, 1980. "}],"skos:definition":[{"@lang":"ab","@value":"O censo ou recenseamento demogr\u00e1fico \u00e9 um 'retrato' da popula\u00e7\u00e3o que mostra quem s\u00e3o, onde est\u00e3o e como vivem os habitantes de determinada na\u00e7\u00e3o. Atrav\u00e9s do censo \u00e9 poss\u00edvel acompanhar a evolu\u00e7\u00e3o de uma popula\u00e7\u00e3o ao longo do tempo.$vSIGNIFICADO de censo. "},{"@lang":"ab","@value":"Pode ser definido como o conjunto das opera\u00e7\u00f5es que consistem em recolher, agrupar e publicar dados demogr\u00e1ficos, econ\u00f4micos e sociais relativos a um momento determinado ou em certos per\u00edodos, a todos os habitantes de um pa\u00eds ou territ\u00f3rio.$vONU "}],"skos:broader":["https:\/\/adm.senado.leg.br\/vcb\/vocab\/skos\/6568","https:\/\/adm.senado.leg.br\/vcb\/vocab\/skos\/2664"],"skos:altLabel":[{"language":"pt-BR","value":"Censo populacional"},{"language":"pt-BR","value":"Recenseamento de popula\u00e7\u00e3o"},{"language":"pt-BR","value":"Recenseamento demogr\u00e1fico"},{"language":"pt-BR","value":"Recenseamento populacional"}],"skos:related":["https:\/\/adm.senado.leg.br\/vcb\/vocab\/skos\/6570","https:\/\/adm.senado.leg.br\/vcb\/vocab\/skos\/6571","https:\/\/adm.senado.leg.br\/vcb\/vocab\/skos\/6572","https:\/\/adm.senado.leg.br\/vcb\/vocab\/skos\/6573","https:\/\/adm.senado.leg.br\/vcb\/vocab\/skos\/6575","https:\/\/adm.senado.leg.br\/vcb\/vocab\/skos\/6058","https:\/\/adm.senado.leg.br\/vcb\/vocab\/skos\/6576","https:\/\/adm.senado.leg.br\/vcb\/vocab\/skos\/6577","https:\/\/adm.senado.leg.br\/vcb\/vocab\/skos\/3899","https:\/\/adm.senado.leg.br\/vcb\/vocab\/skos\/5332","https:\/\/adm.senado.leg.br\/vcb\/vocab\/skos\/6584","https:\/\/adm.senado.leg.br\/vcb\/vocab\/skos\/6586"]}