{"@context":{"dc":"http:\/\/purl.org\/dc\/elements\/1.1\/","skos":"http:\/\/www.w3.org\/2004\/02\/skos\/core#","skos:broader":{"@type":"@id"},"skos:inScheme":{"@type":"@id"},"skos:related":{"@type":"@id"},"skos:narrower":{"@type":"@id"},"skos:hasTopConcept":{"@type":"@id"},"skos:topConceptOf":{"@type":"@id"}},"@id":"https:\/\/adm.senado.leg.br\/vcb\/vocab\/skos\/660","@type":"skos:Concept","skos:prefLabel":{"@language":"pt-BR","@value=":"Pessoa com mobilidade reduzida"},"skos:inScheme":"https:\/\/adm.senado.leg.br\/vcb\/vocab\/","dct:created":"2020-09-18 17:42:58","skos:definition":[{"@lang":"ab","@value":"Pessoa que tem, por qualquer motivo, dificuldade de movimenta\u00e7\u00e3o, permanente ou tempor\u00e1ria, gerando redu\u00e7\u00e3o efetiva da mobilidade, da flexibilidade, da coordena\u00e7\u00e3o motora ou da percep\u00e7\u00e3o, inclu\u00edda a pessoa idosa, a gestante, a lactante, a pessoa com crian\u00e7a de colo e o obeso. (Decreto n. 8.816\/2016, art. 2\u00ba, II) "}],"skos:broader":["https:\/\/adm.senado.leg.br\/vcb\/vocab\/skos\/659"],"skos:related":["https:\/\/adm.senado.leg.br\/vcb\/vocab\/skos\/329","https:\/\/adm.senado.leg.br\/vcb\/vocab\/skos\/650","https:\/\/adm.senado.leg.br\/vcb\/vocab\/skos\/652","https:\/\/adm.senado.leg.br\/vcb\/vocab\/skos\/15680","https:\/\/adm.senado.leg.br\/vcb\/vocab\/skos\/5024","https:\/\/adm.senado.leg.br\/vcb\/vocab\/skos\/1931","https:\/\/adm.senado.leg.br\/vcb\/vocab\/skos\/21129","https:\/\/adm.senado.leg.br\/vcb\/vocab\/skos\/663","https:\/\/adm.senado.leg.br\/vcb\/vocab\/skos\/664"]}