{"@context":{"dc":"http:\/\/purl.org\/dc\/elements\/1.1\/","skos":"http:\/\/www.w3.org\/2004\/02\/skos\/core#","skos:broader":{"@type":"@id"},"skos:inScheme":{"@type":"@id"},"skos:related":{"@type":"@id"},"skos:narrower":{"@type":"@id"},"skos:hasTopConcept":{"@type":"@id"},"skos:topConceptOf":{"@type":"@id"}},"@id":"https:\/\/adm.senado.leg.br\/vcb\/vocab\/skos\/6602","@type":"skos:Concept","skos:prefLabel":{"@language":"pt-BR","@value=":"Turma multietapa"},"skos:inScheme":"https:\/\/adm.senado.leg.br\/vcb\/vocab\/","dct:created":"2020-09-18 17:43:22","skos:definition":[{"@lang":"ab","@value":"Turma que re\u00fane alunos de diferentes etapas de Educa\u00e7\u00e3o Infantil e Ensino Fundamental, com alunos da Pr\u00e9-Escola e do Ensino Fundamental.$vAnu\u00e1rio Brasileiro da Educa\u00e7\u00e3o B\u00e1sica). S\u00e3o Paulo: Moderna, 2013. "}],"skos:broader":["https:\/\/adm.senado.leg.br\/vcb\/vocab\/skos\/24071"],"skos:related":["https:\/\/adm.senado.leg.br\/vcb\/vocab\/skos\/6058","https:\/\/adm.senado.leg.br\/vcb\/vocab\/skos\/8649","https:\/\/adm.senado.leg.br\/vcb\/vocab\/skos\/5530","https:\/\/adm.senado.leg.br\/vcb\/vocab\/skos\/9578"]}