{"@context":{"dc":"http:\/\/purl.org\/dc\/elements\/1.1\/","skos":"http:\/\/www.w3.org\/2004\/02\/skos\/core#","skos:broader":{"@type":"@id"},"skos:inScheme":{"@type":"@id"},"skos:related":{"@type":"@id"},"skos:narrower":{"@type":"@id"},"skos:hasTopConcept":{"@type":"@id"},"skos:topConceptOf":{"@type":"@id"}},"@id":"https:\/\/adm.senado.leg.br\/vcb\/vocab\/skos\/6607","@type":"skos:Concept","skos:prefLabel":{"@language":"pt-BR","@value=":"Liberdade de express\u00e3o"},"skos:inScheme":"https:\/\/adm.senado.leg.br\/vcb\/vocab\/","dct:created":"2020-09-18 17:43:22","skos:editorialNote":[{"@lang":"ab","@value":"341.2727 "},{"@lang":"ab","@value":"341.2732 "}],"skos:narrower":["https:\/\/adm.senado.leg.br\/vcb\/vocab\/skos\/683","https:\/\/adm.senado.leg.br\/vcb\/vocab\/skos\/11798","https:\/\/adm.senado.leg.br\/vcb\/vocab\/skos\/19654","https:\/\/adm.senado.leg.br\/vcb\/vocab\/skos\/19655","https:\/\/adm.senado.leg.br\/vcb\/vocab\/skos\/22918"],"skos:broader":["https:\/\/adm.senado.leg.br\/vcb\/vocab\/skos\/138","https:\/\/adm.senado.leg.br\/vcb\/vocab\/skos\/10984"],"skos:altLabel":[{"language":"pt-BR","value":"Liberdade intelectual"},{"language":"pt-BR","value":"Livre express\u00e3o"},{"language":"pt-BR","value":"Livre manifesta\u00e7\u00e3o"},{"language":"pt-BR","value":"Manifesta\u00e7\u00e3o do pensamento"}],"skos:related":["https:\/\/adm.senado.leg.br\/vcb\/vocab\/skos\/729","https:\/\/adm.senado.leg.br\/vcb\/vocab\/skos\/7036","https:\/\/adm.senado.leg.br\/vcb\/vocab\/skos\/11414","https:\/\/adm.senado.leg.br\/vcb\/vocab\/skos\/6894","https:\/\/adm.senado.leg.br\/vcb\/vocab\/skos\/11293","https:\/\/adm.senado.leg.br\/vcb\/vocab\/skos\/19635","https:\/\/adm.senado.leg.br\/vcb\/vocab\/skos\/19650","https:\/\/adm.senado.leg.br\/vcb\/vocab\/skos\/6608","https:\/\/adm.senado.leg.br\/vcb\/vocab\/skos\/9783"]}