{"@context":{"dc":"http:\/\/purl.org\/dc\/elements\/1.1\/","skos":"http:\/\/www.w3.org\/2004\/02\/skos\/core#","skos:broader":{"@type":"@id"},"skos:inScheme":{"@type":"@id"},"skos:related":{"@type":"@id"},"skos:narrower":{"@type":"@id"},"skos:hasTopConcept":{"@type":"@id"},"skos:topConceptOf":{"@type":"@id"}},"@id":"https:\/\/adm.senado.leg.br\/vcb\/vocab\/skos\/663","@type":"skos:Concept","skos:prefLabel":{"@language":"pt-BR","@value=":"Projeto de acessibilidade"},"skos:inScheme":"https:\/\/adm.senado.leg.br\/vcb\/vocab\/","dct:created":"2020-09-18 17:42:58","skos:broader":["https:\/\/adm.senado.leg.br\/vcb\/vocab\/skos\/1026","https:\/\/adm.senado.leg.br\/vcb\/vocab\/skos\/10878"],"skos:altLabel":[{"language":"pt-BR","value":"Acessibilidade e deficientes"},{"language":"pt-BR","value":"Acessibilidade para pessoas com defici\u00eancia"},{"language":"pt-BR","value":"Arquitetura e deficientes f\u00edsicos"},{"language":"pt-BR","value":"Arquitetura e pessoa com defici\u00eancia"},{"language":"pt-BR","value":"Deficientes e arquitetura"},{"language":"pt-BR","value":"Pessoa com defici\u00eancia e arquitetura"},{"language":"pt-BR","value":"Projeto sem barreiras"}],"skos:related":["https:\/\/adm.senado.leg.br\/vcb\/vocab\/skos\/329","https:\/\/adm.senado.leg.br\/vcb\/vocab\/skos\/650","https:\/\/adm.senado.leg.br\/vcb\/vocab\/skos\/4867","https:\/\/adm.senado.leg.br\/vcb\/vocab\/skos\/652","https:\/\/adm.senado.leg.br\/vcb\/vocab\/skos\/659","https:\/\/adm.senado.leg.br\/vcb\/vocab\/skos\/660"]}