{"@context":{"dc":"http:\/\/purl.org\/dc\/elements\/1.1\/","skos":"http:\/\/www.w3.org\/2004\/02\/skos\/core#","skos:broader":{"@type":"@id"},"skos:inScheme":{"@type":"@id"},"skos:related":{"@type":"@id"},"skos:narrower":{"@type":"@id"},"skos:hasTopConcept":{"@type":"@id"},"skos:topConceptOf":{"@type":"@id"}},"@id":"https:\/\/adm.senado.leg.br\/vcb\/vocab\/skos\/665","@type":"skos:Concept","skos:prefLabel":{"@language":"pt-BR","@value=":"Via p\u00fablica"},"skos:inScheme":"https:\/\/adm.senado.leg.br\/vcb\/vocab\/","dct:created":"2020-09-18 17:42:58","skos:definition":[{"@lang":"ab","@value":"Rua, avenida, estrada, logradouro, caminho, passagens de dom\u00ednio p\u00fablico e praias abertas ao tr\u00e2nsito.$vBRASIL. Ag\u00eancia Nacional de Transportes Terrestres. Gloss\u00e1rio de termos e conceitos t\u00e9cnicos dos transportes terrestres. "}],"skos:broader":["https:\/\/adm.senado.leg.br\/vcb\/vocab\/skos\/369","https:\/\/adm.senado.leg.br\/vcb\/vocab\/skos\/13436"],"skos:related":["https:\/\/adm.senado.leg.br\/vcb\/vocab\/skos\/329","https:\/\/adm.senado.leg.br\/vcb\/vocab\/skos\/3035","https:\/\/adm.senado.leg.br\/vcb\/vocab\/skos\/3054","https:\/\/adm.senado.leg.br\/vcb\/vocab\/skos\/6910","https:\/\/adm.senado.leg.br\/vcb\/vocab\/skos\/657","https:\/\/adm.senado.leg.br\/vcb\/vocab\/skos\/1494","https:\/\/adm.senado.leg.br\/vcb\/vocab\/skos\/12594","https:\/\/adm.senado.leg.br\/vcb\/vocab\/skos\/658","https:\/\/adm.senado.leg.br\/vcb\/vocab\/skos\/19983","https:\/\/adm.senado.leg.br\/vcb\/vocab\/skos\/6916","https:\/\/adm.senado.leg.br\/vcb\/vocab\/skos\/786","https:\/\/adm.senado.leg.br\/vcb\/vocab\/skos\/5668","https:\/\/adm.senado.leg.br\/vcb\/vocab\/skos\/2717"]}