{"@context":{"dc":"http:\/\/purl.org\/dc\/elements\/1.1\/","skos":"http:\/\/www.w3.org\/2004\/02\/skos\/core#","skos:broader":{"@type":"@id"},"skos:inScheme":{"@type":"@id"},"skos:related":{"@type":"@id"},"skos:narrower":{"@type":"@id"},"skos:hasTopConcept":{"@type":"@id"},"skos:topConceptOf":{"@type":"@id"}},"@id":"https:\/\/adm.senado.leg.br\/vcb\/vocab\/skos\/667","@type":"skos:Concept","skos:prefLabel":{"@language":"pt-BR","@value=":"Audiodescri\u00e7\u00e3o"},"skos:inScheme":"https:\/\/adm.senado.leg.br\/vcb\/vocab\/","dct:created":"2020-09-18 17:42:58","skos:definition":[{"@lang":"ab","@value":"Recurso de acessibilidade comunicacional por meio do qual profissionais habilitados tecnicamente (audiodescritores) descrevem oralmente, para pessoas cegas ou com defici\u00eancia visual, imagens, \"lacunas informacionais n\u00e3o aud\u00edveis\" e outros elementos complementares que os olhos podem ver mas que n\u00e3o s\u00e3o explicitados, relativos a produtos que promovam a arte e a educa\u00e7\u00e3o. Tem por objetivo favorecer e ampliar o acesso a contextos culturais e contribuir, consequentemente, para a inclus\u00e3o social daquele p\u00fablico, recorrendo a tecnologia assistiva-inclusiva praticada ao vivo ou previamente gravada que vem sendo difundida por todo o mundo desde os anos 1980 em teatro, cinema, televis\u00e3o, shows e exposi\u00e7\u00f5es de artes e, mais recentemente, conquista tamb\u00e9m o ambiente escolar \u00adMATTOSO. "}],"skos:broader":["https:\/\/adm.senado.leg.br\/vcb\/vocab\/skos\/329"],"skos:altLabel":[{"language":"pt-BR","value":"AD"}],"skos:related":["https:\/\/adm.senado.leg.br\/vcb\/vocab\/skos\/4240"]}