{"@context":{"dc":"http:\/\/purl.org\/dc\/elements\/1.1\/","skos":"http:\/\/www.w3.org\/2004\/02\/skos\/core#","skos:broader":{"@type":"@id"},"skos:inScheme":{"@type":"@id"},"skos:related":{"@type":"@id"},"skos:narrower":{"@type":"@id"},"skos:hasTopConcept":{"@type":"@id"},"skos:topConceptOf":{"@type":"@id"}},"@id":"https:\/\/adm.senado.leg.br\/vcb\/vocab\/skos\/6724","@type":"skos:Concept","skos:prefLabel":{"@language":"pt-BR","@value=":"Contraven\u00e7\u00e3o referente ao patrim\u00f4nio"},"skos:inScheme":"https:\/\/adm.senado.leg.br\/vcb\/vocab\/","dct:created":"2020-09-18 17:43:22","skos:narrower":["https:\/\/adm.senado.leg.br\/vcb\/vocab\/skos\/6723","https:\/\/adm.senado.leg.br\/vcb\/vocab\/skos\/9091","https:\/\/adm.senado.leg.br\/vcb\/vocab\/skos\/9092","https:\/\/adm.senado.leg.br\/vcb\/vocab\/skos\/9093","https:\/\/adm.senado.leg.br\/vcb\/vocab\/skos\/9094","https:\/\/adm.senado.leg.br\/vcb\/vocab\/skos\/9095"],"skos:broader":["https:\/\/adm.senado.leg.br\/vcb\/vocab\/skos\/8992"],"skos:related":["https:\/\/adm.senado.leg.br\/vcb\/vocab\/skos\/14870"]}