{"@context":{"dc":"http:\/\/purl.org\/dc\/elements\/1.1\/","skos":"http:\/\/www.w3.org\/2004\/02\/skos\/core#","skos:broader":{"@type":"@id"},"skos:inScheme":{"@type":"@id"},"skos:related":{"@type":"@id"},"skos:narrower":{"@type":"@id"},"skos:hasTopConcept":{"@type":"@id"},"skos:topConceptOf":{"@type":"@id"}},"@id":"https:\/\/adm.senado.leg.br\/vcb\/vocab\/skos\/6755","@type":"skos:Concept","skos:prefLabel":{"@language":"pt-BR","@value=":"Cren\u00e7a e d\u00favida"},"skos:inScheme":"https:\/\/adm.senado.leg.br\/vcb\/vocab\/","dct:created":"2020-09-18 17:43:23","skos:scopeNote":[{"@lang":"ab","@value":"Usado para obras que tratam do assunto em quest\u00e3o do ponto de vista filos\u00f3fico. Obras sobre a f\u00e9 religiosa entram em F\u00e9. (BN) "}],"skos:narrower":["https:\/\/adm.senado.leg.br\/vcb\/vocab\/skos\/28631"],"skos:broader":["https:\/\/adm.senado.leg.br\/vcb\/vocab\/skos\/2697","https:\/\/adm.senado.leg.br\/vcb\/vocab\/skos\/897","https:\/\/adm.senado.leg.br\/vcb\/vocab\/skos\/12469"],"skos:altLabel":[{"language":"pt-BR","value":"Convic\u00e7\u00e3o"},{"language":"pt-BR","value":"D\u00favida"},{"language":"pt-BR","value":"D\u00favida e convic\u00e7\u00e3o"},{"language":"pt-BR","value":"D\u00favida e cren\u00e7a"}],"skos:related":["https:\/\/adm.senado.leg.br\/vcb\/vocab\/skos\/6752","https:\/\/adm.senado.leg.br\/vcb\/vocab\/skos\/6316","https:\/\/adm.senado.leg.br\/vcb\/vocab\/skos\/4421"]}