{"@context":{"dc":"http:\/\/purl.org\/dc\/elements\/1.1\/","skos":"http:\/\/www.w3.org\/2004\/02\/skos\/core#","skos:broader":{"@type":"@id"},"skos:inScheme":{"@type":"@id"},"skos:related":{"@type":"@id"},"skos:narrower":{"@type":"@id"},"skos:hasTopConcept":{"@type":"@id"},"skos:topConceptOf":{"@type":"@id"}},"@id":"https:\/\/adm.senado.leg.br\/vcb\/vocab\/skos\/6786","@type":"skos:Concept","skos:prefLabel":{"@language":"pt-BR","@value=":"Chefe de Estado"},"skos:inScheme":"https:\/\/adm.senado.leg.br\/vcb\/vocab\/","dct:created":"2020-09-18 17:43:23","skos:definition":[{"@lang":"ab","@value":"Aquele que, pela autoridade, det\u00e9m em suas m\u00e3os o poder executivo de um Estado, por elei\u00e7\u00e3o (Presidente) ou por hereditariedade (Rei), podendo este ser unipessoal ou um \u00f3rg\u00e3o colegiado. Se o regime for parlamentarista, seu papel pol\u00edtico ser\u00e1 meramente honor\u00edfico, por ser obrigado a aceitar e assinar as decis\u00f5es pol\u00edticas do parlamento, ou do gabinete ministerial, que tem \u00e0 testa um Primeiro-ministro, que \u00e9 o chefe de governo, possuindo, portanto, uma fun\u00e7\u00e3o de representa\u00e7\u00e3o do Estado (DINIZ, Dic. jur., 1998). "}],"skos:editorialNote":[{"@lang":"ab","@value":"341.2511 "}],"skos:narrower":["https:\/\/adm.senado.leg.br\/vcb\/vocab\/skos\/6792","https:\/\/adm.senado.leg.br\/vcb\/vocab\/skos\/11963","https:\/\/adm.senado.leg.br\/vcb\/vocab\/skos\/6793","https:\/\/adm.senado.leg.br\/vcb\/vocab\/skos\/1632","https:\/\/adm.senado.leg.br\/vcb\/vocab\/skos\/6794"],"skos:broader":["https:\/\/adm.senado.leg.br\/vcb\/vocab\/skos\/6791","https:\/\/adm.senado.leg.br\/vcb\/vocab\/skos\/1624"],"skos:related":["https:\/\/adm.senado.leg.br\/vcb\/vocab\/skos\/6787","https:\/\/adm.senado.leg.br\/vcb\/vocab\/skos\/232","https:\/\/adm.senado.leg.br\/vcb\/vocab\/skos\/6788","https:\/\/adm.senado.leg.br\/vcb\/vocab\/skos\/6789","https:\/\/adm.senado.leg.br\/vcb\/vocab\/skos\/23847","https:\/\/adm.senado.leg.br\/vcb\/vocab\/skos\/6790"]}