{"@context":{"dc":"http:\/\/purl.org\/dc\/elements\/1.1\/","skos":"http:\/\/www.w3.org\/2004\/02\/skos\/core#","skos:broader":{"@type":"@id"},"skos:inScheme":{"@type":"@id"},"skos:related":{"@type":"@id"},"skos:narrower":{"@type":"@id"},"skos:hasTopConcept":{"@type":"@id"},"skos:topConceptOf":{"@type":"@id"}},"@id":"https:\/\/adm.senado.leg.br\/vcb\/vocab\/skos\/6787","@type":"skos:Concept","skos:prefLabel":{"@language":"pt-BR","@value=":"Chefe de governo"},"skos:inScheme":"https:\/\/adm.senado.leg.br\/vcb\/vocab\/","dct:created":"2020-09-18 17:43:23","skos:definition":[{"@lang":"ab","@value":"Posi\u00e7\u00e3o ocupada, num sistema parlamentarista de governo, pelo indiv\u00edduo que exercer\u00e1 as fun\u00e7\u00f5es executivas e\/ou a fun\u00e7\u00e3o de chefiar o Poder Executivo, escolhido pelo Parlamento. T\u00edtulos comuns de chefes de governo: Primeiro-ministro (Reino Unido, Fran\u00e7a, It\u00e1lia, Jap\u00e3o, R\u00fassia etc.); Chanceler ou Bundeskanzler (Alemanha e \u00c1ustria); Secret\u00e1rio-Geral ou Primeiro-Secret\u00e1rio (Uni\u00e3o Sovi\u00e9tica, Cuba, China, Cor\u00e9ia do Norte, Vietn\u00e3 e outros pa\u00edses socialistas); Stadtholder (Holanda dos s\u00e9culos XVI a XVIII); Gr\u00e3o-Vizir (Imp\u00e9rio Otomano); C\u00f4nsul (Roma Antiga e Fran\u00e7a revolucion\u00e1ria); Premier; Condest\u00e1vel (Fran\u00e7a dos Bourbon); Lord Protector (Inglaterra entre 1648-1658); Dewan (chefe-de-governo regional da \u00cdndia). (Wikipedia). "}],"skos:editorialNote":[{"@lang":"ab","@value":"341.251 "}],"skos:narrower":["https:\/\/adm.senado.leg.br\/vcb\/vocab\/skos\/6796"],"skos:broader":["https:\/\/adm.senado.leg.br\/vcb\/vocab\/skos\/1295"],"skos:altLabel":[{"language":"pt-BR","value":"Presidente do Conselho"}],"skos:related":["https:\/\/adm.senado.leg.br\/vcb\/vocab\/skos\/6786","https:\/\/adm.senado.leg.br\/vcb\/vocab\/skos\/6788","https:\/\/adm.senado.leg.br\/vcb\/vocab\/skos\/1624"]}