{"@context":{"dc":"http:\/\/purl.org\/dc\/elements\/1.1\/","skos":"http:\/\/www.w3.org\/2004\/02\/skos\/core#","skos:broader":{"@type":"@id"},"skos:inScheme":{"@type":"@id"},"skos:related":{"@type":"@id"},"skos:narrower":{"@type":"@id"},"skos:hasTopConcept":{"@type":"@id"},"skos:topConceptOf":{"@type":"@id"}},"@id":"https:\/\/adm.senado.leg.br\/vcb\/vocab\/skos\/6791","@type":"skos:Concept","skos:prefLabel":{"@language":"pt-BR","@value=":"Estadista"},"skos:inScheme":"https:\/\/adm.senado.leg.br\/vcb\/vocab\/","dct:created":"2020-09-18 17:43:23","skos:definition":[{"@lang":"ab","@value":"Estadista\u00a0ou\u00a0homem de Estado \u00e9 pessoa versada nos princ\u00edpios ou na arte de governar,\u00a0ativamente envolvida em conduzir os neg\u00f3cios de um\u00a0governo\u00a0e em moldar a sua\u00a0pol\u00edtica; ou ainda\u00a0pessoa que exerce\u00a0lideran\u00e7a\u00a0pol\u00edtica com sabedoria e sem limita\u00e7\u00f5es\u00a0partid\u00e1rias.$vHouaiss "}],"skos:narrower":["https:\/\/adm.senado.leg.br\/vcb\/vocab\/skos\/6786","https:\/\/adm.senado.leg.br\/vcb\/vocab\/skos\/10452"],"skos:broader":["https:\/\/adm.senado.leg.br\/vcb\/vocab\/skos\/10762"],"skos:altLabel":[{"language":"pt-BR","value":"Homem de Estado"}],"skos:related":["https:\/\/adm.senado.leg.br\/vcb\/vocab\/skos\/9418","https:\/\/adm.senado.leg.br\/vcb\/vocab\/skos\/7196"]}