{"@context":{"dc":"http:\/\/purl.org\/dc\/elements\/1.1\/","skos":"http:\/\/www.w3.org\/2004\/02\/skos\/core#","skos:broader":{"@type":"@id"},"skos:inScheme":{"@type":"@id"},"skos:related":{"@type":"@id"},"skos:narrower":{"@type":"@id"},"skos:hasTopConcept":{"@type":"@id"},"skos:topConceptOf":{"@type":"@id"}},"@id":"https:\/\/adm.senado.leg.br\/vcb\/vocab\/skos\/680","@type":"skos:Concept","skos:prefLabel":{"@language":"pt-BR","@value=":"Igualdade na educa\u00e7\u00e3o"},"skos:inScheme":"https:\/\/adm.senado.leg.br\/vcb\/vocab\/","dct:created":"2020-09-18 17:42:58","skos:editorialNote":[{"@lang":"ab","@value":"341.2722 "}],"skos:altLabel":[{"language":"pt-BR","value":"Educa\u00e7\u00e3o n\u00e3o discriminat\u00f3ria"},{"language":"pt-BR","value":"Igualdade de educa\u00e7\u00e3o"},{"language":"pt-BR","value":"Igualdade de oportunidades (educa\u00e7\u00e3o)"}],"skos:related":["https:\/\/adm.senado.leg.br\/vcb\/vocab\/skos\/675","https:\/\/adm.senado.leg.br\/vcb\/vocab\/skos\/336"]}