{"@context":{"dc":"http:\/\/purl.org\/dc\/elements\/1.1\/","skos":"http:\/\/www.w3.org\/2004\/02\/skos\/core#","skos:broader":{"@type":"@id"},"skos:inScheme":{"@type":"@id"},"skos:related":{"@type":"@id"},"skos:narrower":{"@type":"@id"},"skos:hasTopConcept":{"@type":"@id"},"skos:topConceptOf":{"@type":"@id"}},"@id":"https:\/\/adm.senado.leg.br\/vcb\/vocab\/skos\/681","@type":"skos:Concept","skos:prefLabel":{"@language":"pt-BR","@value=":"Direitos sociais"},"skos:inScheme":"https:\/\/adm.senado.leg.br\/vcb\/vocab\/","dct:created":"2020-09-18 17:42:58","skos:definition":[{"@lang":"ab","@value":"Direitos previstos no Artigo 6.\u00ba, Cap\u00edtulo II, da Constitui\u00e7\u00e3o Federal de 1988: educa\u00e7\u00e3o, sa\u00fade, alimenta\u00e7\u00e3o, trabalho, moradia, transporte, lazer, seguran\u00e7a, previd\u00eancia social, prote\u00e7\u00e3o \u00e0 maternidade e \u00e0 inf\u00e2ncia, assist\u00eancia aos desamparados. "},{"@lang":"ab","@value":"S\u00e3o direitos fundamentas do homem, caracterizando-se como verdadeiras liberdades positivas, de observ\u00e2ncia obrigat\u00f3ria em um Estado Social de Direito, tendo por finalidade a melhoria das condi\u00e7\u00f5es de vida aos hipossuficientes, visando \u00e0 concretiza\u00e7\u00e3o da igualdade social, e s\u00e3o consagrados como fundamentos do Estado democr\u00e1tico, pelo art. 1\u00ba, IV, da Constitui\u00e7\u00e3o Federal.$vMORAES, Alexandre de. Direitos Sociais. Os direitos sociais: direitos humanos e fundamentais. "}],"skos:editorialNote":[{"@lang":"ab","@value":"341.27 "}],"skos:narrower":["https:\/\/adm.senado.leg.br\/vcb\/vocab\/skos\/675","https:\/\/adm.senado.leg.br\/vcb\/vocab\/skos\/11200","https:\/\/adm.senado.leg.br\/vcb\/vocab\/skos\/55","https:\/\/adm.senado.leg.br\/vcb\/vocab\/skos\/10822","https:\/\/adm.senado.leg.br\/vcb\/vocab\/skos\/11315","https:\/\/adm.senado.leg.br\/vcb\/vocab\/skos\/11323","https:\/\/adm.senado.leg.br\/vcb\/vocab\/skos\/11374","https:\/\/adm.senado.leg.br\/vcb\/vocab\/skos\/11219","https:\/\/adm.senado.leg.br\/vcb\/vocab\/skos\/11332","https:\/\/adm.senado.leg.br\/vcb\/vocab\/skos\/11905"],"skos:broader":["https:\/\/adm.senado.leg.br\/vcb\/vocab\/skos\/11373","https:\/\/adm.senado.leg.br\/vcb\/vocab\/skos\/11317","https:\/\/adm.senado.leg.br\/vcb\/vocab\/skos\/10930"],"skos:altLabel":[{"language":"pt-BR","value":"Direito social"},{"language":"pt-BR","value":"Direitos de ordem social"},{"language":"pt-BR","value":"Garantias sociais"}],"skos:related":["https:\/\/adm.senado.leg.br\/vcb\/vocab\/skos\/2827","https:\/\/adm.senado.leg.br\/vcb\/vocab\/skos\/612","https:\/\/adm.senado.leg.br\/vcb\/vocab\/skos\/8953","https:\/\/adm.senado.leg.br\/vcb\/vocab\/skos\/3659","https:\/\/adm.senado.leg.br\/vcb\/vocab\/skos\/2220","https:\/\/adm.senado.leg.br\/vcb\/vocab\/skos\/11320","https:\/\/adm.senado.leg.br\/vcb\/vocab\/skos\/11797","https:\/\/adm.senado.leg.br\/vcb\/vocab\/skos\/9046","https:\/\/adm.senado.leg.br\/vcb\/vocab\/skos\/3725","https:\/\/adm.senado.leg.br\/vcb\/vocab\/skos\/3025","https:\/\/adm.senado.leg.br\/vcb\/vocab\/skos\/798","https:\/\/adm.senado.leg.br\/vcb\/vocab\/skos\/11904","https:\/\/adm.senado.leg.br\/vcb\/vocab\/skos\/785","https:\/\/adm.senado.leg.br\/vcb\/vocab\/skos\/1571"]}