{"@context":{"dc":"http:\/\/purl.org\/dc\/elements\/1.1\/","skos":"http:\/\/www.w3.org\/2004\/02\/skos\/core#","skos:broader":{"@type":"@id"},"skos:inScheme":{"@type":"@id"},"skos:related":{"@type":"@id"},"skos:narrower":{"@type":"@id"},"skos:hasTopConcept":{"@type":"@id"},"skos:topConceptOf":{"@type":"@id"}},"@id":"https:\/\/adm.senado.leg.br\/vcb\/vocab\/skos\/685","@type":"skos:Concept","skos:prefLabel":{"@language":"pt-BR","@value=":"Inclus\u00e3o digital"},"skos:inScheme":"https:\/\/adm.senado.leg.br\/vcb\/vocab\/","dct:created":"2020-09-18 17:42:58","skos:definition":[{"@lang":"ab","@value":"Acesso \u00e0s novas tecnologias de informa\u00e7\u00e3o, seus produtos e servi\u00e7os, proporcionado por pol\u00edticas p\u00fablicas e\/ou privadas. "},{"@lang":"ab","@value":"Extens\u00e3o a toda sociedade dos benef\u00edcios decorrentes do acesso \u00e0s tecnologias da informa\u00e7\u00e3o e comunica\u00e7\u00e3o, por meio de a\u00e7\u00f5es, p\u00fablicas ou privadas, que t\u00eam por objetivo chegar a uma sociedade da informa\u00e7\u00e3o que possa prover a igualdade das oportunidades digitais para todos os seus habitantes$v-DBA, p. 193. "},{"@lang":"ab","@value":"Inser\u00e7\u00e3o de todas as classes sociais no uso da tecnologia da inform\u00e1tica como meio de atingir um aprimoramento educacional, cultural, social e profissional, bem como estar inserido no contexto da nova sociedade que se utiliza do meio digital. Melhorar as condi\u00e7\u00f5es de vida de uma determinada regi\u00e3o ou comunidade com ajuda da tecnologia. A depender do contexto, \u00e9 comum ler express\u00f5es similares como democratiza\u00e7\u00e3o da informa\u00e7\u00e3o, universaliza\u00e7\u00e3o da tecnologia e outras variantes parecidas e politicamente corretas.$vTHESAURUS Brasileiro de Educa\u00e7\u00e3o. "}],"skos:broader":["https:\/\/adm.senado.leg.br\/vcb\/vocab\/skos\/337"],"skos:altLabel":[{"language":"pt-BR","value":"Computador, democratiza\u00e7\u00e3o"},{"language":"pt-BR","value":"Infoinclus\u00e3o"},{"language":"pt-BR","value":"Inform\u00e1tica, democratiza\u00e7\u00e3o"}],"skos:related":["https:\/\/adm.senado.leg.br\/vcb\/vocab\/skos\/670","https:\/\/adm.senado.leg.br\/vcb\/vocab\/skos\/29208","https:\/\/adm.senado.leg.br\/vcb\/vocab\/skos\/2309","https:\/\/adm.senado.leg.br\/vcb\/vocab\/skos\/6840","https:\/\/adm.senado.leg.br\/vcb\/vocab\/skos\/7841","https:\/\/adm.senado.leg.br\/vcb\/vocab\/skos\/2311","https:\/\/adm.senado.leg.br\/vcb\/vocab\/skos\/654","https:\/\/adm.senado.leg.br\/vcb\/vocab\/skos\/29613","https:\/\/adm.senado.leg.br\/vcb\/vocab\/skos\/6845","https:\/\/adm.senado.leg.br\/vcb\/vocab\/skos\/730","https:\/\/adm.senado.leg.br\/vcb\/vocab\/skos\/690","https:\/\/adm.senado.leg.br\/vcb\/vocab\/skos\/3624","https:\/\/adm.senado.leg.br\/vcb\/vocab\/skos\/13231"]}