{"@context":{"dc":"http:\/\/purl.org\/dc\/elements\/1.1\/","skos":"http:\/\/www.w3.org\/2004\/02\/skos\/core#","skos:broader":{"@type":"@id"},"skos:inScheme":{"@type":"@id"},"skos:related":{"@type":"@id"},"skos:narrower":{"@type":"@id"},"skos:hasTopConcept":{"@type":"@id"},"skos:topConceptOf":{"@type":"@id"}},"@id":"https:\/\/adm.senado.leg.br\/vcb\/vocab\/skos\/688","@type":"skos:Concept","skos:prefLabel":{"@language":"pt-BR","@value=":"Pol\u00edtica de informa\u00e7\u00e3o"},"skos:inScheme":"https:\/\/adm.senado.leg.br\/vcb\/vocab\/","dct:created":"2020-09-18 17:42:58","skos:definition":[{"@lang":"ab","@value":"Programas e as a\u00e7\u00f5es direcionadas para a dimens\u00e3o material da informa\u00e7\u00e3o, ou seja, a infra-estrutura tecnol\u00f3gica, desenvolvendo redes informacionais que v\u00e3o permitir o livre fluxo da informa\u00e7\u00e3o.$vFERREIRA, Emanuelle Ge\u00f3rgia Amaral, SANTOS, Elisete Sousa, MACHADO, Miriam Novaes. Pol\u00edtica de informa\u00e7\u00e3o no Brasil: a lei . Acesso \u00e0 informa\u00e7\u00e3o em foco. "}],"skos:narrower":["https:\/\/adm.senado.leg.br\/vcb\/vocab\/skos\/670","https:\/\/adm.senado.leg.br\/vcb\/vocab\/skos\/649","https:\/\/adm.senado.leg.br\/vcb\/vocab\/skos\/2352"],"skos:broader":["https:\/\/adm.senado.leg.br\/vcb\/vocab\/skos\/4571"],"skos:altLabel":[{"language":"pt-BR","value":"Pol\u00edticas nacionais de informa\u00e7\u00e3o"},{"language":"pt-BR","value":"Pol\u00edticas p\u00fablicas de informa\u00e7\u00e3o"}],"skos:related":["https:\/\/adm.senado.leg.br\/vcb\/vocab\/skos\/10121","https:\/\/adm.senado.leg.br\/vcb\/vocab\/skos\/683","https:\/\/adm.senado.leg.br\/vcb\/vocab\/skos\/9993","https:\/\/adm.senado.leg.br\/vcb\/vocab\/skos\/1096","https:\/\/adm.senado.leg.br\/vcb\/vocab\/skos\/654","https:\/\/adm.senado.leg.br\/vcb\/vocab\/skos\/686","https:\/\/adm.senado.leg.br\/vcb\/vocab\/skos\/716","https:\/\/adm.senado.leg.br\/vcb\/vocab\/skos\/3940","https:\/\/adm.senado.leg.br\/vcb\/vocab\/skos\/22222","https:\/\/adm.senado.leg.br\/vcb\/vocab\/skos\/2390","https:\/\/adm.senado.leg.br\/vcb\/vocab\/skos\/2976","https:\/\/adm.senado.leg.br\/vcb\/vocab\/skos\/6947","https:\/\/adm.senado.leg.br\/vcb\/vocab\/skos\/730","https:\/\/adm.senado.leg.br\/vcb\/vocab\/skos\/4870","https:\/\/adm.senado.leg.br\/vcb\/vocab\/skos\/26850"]}