{"@context":{"dc":"http:\/\/purl.org\/dc\/elements\/1.1\/","skos":"http:\/\/www.w3.org\/2004\/02\/skos\/core#","skos:broader":{"@type":"@id"},"skos:inScheme":{"@type":"@id"},"skos:related":{"@type":"@id"},"skos:narrower":{"@type":"@id"},"skos:hasTopConcept":{"@type":"@id"},"skos:topConceptOf":{"@type":"@id"}},"@id":"https:\/\/adm.senado.leg.br\/vcb\/vocab\/skos\/6894","@type":"skos:Concept","skos:prefLabel":{"@language":"pt-BR","@value=":"Direitos pol\u00edticos"},"skos:inScheme":"https:\/\/adm.senado.leg.br\/vcb\/vocab\/","dct:created":"2020-09-18 17:43:23","skos:editorialNote":[{"@lang":"ab","@value":"341.28 "}],"skos:narrower":["https:\/\/adm.senado.leg.br\/vcb\/vocab\/skos\/11390","https:\/\/adm.senado.leg.br\/vcb\/vocab\/skos\/11455","https:\/\/adm.senado.leg.br\/vcb\/vocab\/skos\/6893","https:\/\/adm.senado.leg.br\/vcb\/vocab\/skos\/11256","https:\/\/adm.senado.leg.br\/vcb\/vocab\/skos\/11589","https:\/\/adm.senado.leg.br\/vcb\/vocab\/skos\/11891","https:\/\/adm.senado.leg.br\/vcb\/vocab\/skos\/2119","https:\/\/adm.senado.leg.br\/vcb\/vocab\/skos\/6028","https:\/\/adm.senado.leg.br\/vcb\/vocab\/skos\/3960"],"skos:broader":["https:\/\/adm.senado.leg.br\/vcb\/vocab\/skos\/10984"],"skos:altLabel":[{"language":"pt-BR","value":"Direito pol\u00edtico"},{"language":"pt-BR","value":"Direito pol\u00edtico do cidad\u00e3o"}],"skos:related":["https:\/\/adm.senado.leg.br\/vcb\/vocab\/skos\/579","https:\/\/adm.senado.leg.br\/vcb\/vocab\/skos\/683","https:\/\/adm.senado.leg.br\/vcb\/vocab\/skos\/1924","https:\/\/adm.senado.leg.br\/vcb\/vocab\/skos\/11654","https:\/\/adm.senado.leg.br\/vcb\/vocab\/skos\/11789","https:\/\/adm.senado.leg.br\/vcb\/vocab\/skos\/28218","https:\/\/adm.senado.leg.br\/vcb\/vocab\/skos\/6995","https:\/\/adm.senado.leg.br\/vcb\/vocab\/skos\/2122","https:\/\/adm.senado.leg.br\/vcb\/vocab\/skos\/11260","https:\/\/adm.senado.leg.br\/vcb\/vocab\/skos\/6607","https:\/\/adm.senado.leg.br\/vcb\/vocab\/skos\/11237","https:\/\/adm.senado.leg.br\/vcb\/vocab\/skos\/6609","https:\/\/adm.senado.leg.br\/vcb\/vocab\/skos\/20087","https:\/\/adm.senado.leg.br\/vcb\/vocab\/skos\/460","https:\/\/adm.senado.leg.br\/vcb\/vocab\/skos\/11888","https:\/\/adm.senado.leg.br\/vcb\/vocab\/skos\/11889","https:\/\/adm.senado.leg.br\/vcb\/vocab\/skos\/11890","https:\/\/adm.senado.leg.br\/vcb\/vocab\/skos\/11580","https:\/\/adm.senado.leg.br\/vcb\/vocab\/skos\/1626"]}