{"@context":{"dc":"http:\/\/purl.org\/dc\/elements\/1.1\/","skos":"http:\/\/www.w3.org\/2004\/02\/skos\/core#","skos:broader":{"@type":"@id"},"skos:inScheme":{"@type":"@id"},"skos:related":{"@type":"@id"},"skos:narrower":{"@type":"@id"},"skos:hasTopConcept":{"@type":"@id"},"skos:topConceptOf":{"@type":"@id"}},"@id":"https:\/\/adm.senado.leg.br\/vcb\/vocab\/skos\/6895","@type":"skos:Concept","skos:prefLabel":{"@language":"pt-BR","@value=":"Educa\u00e7\u00e3o inclusiva"},"skos:inScheme":"https:\/\/adm.senado.leg.br\/vcb\/vocab\/","dct:created":"2020-09-18 17:43:23","skos:definition":[{"@lang":"ab","@value":"Aquela que promove. Acesso igualit\u00e1rio a todos, independentemente de ra\u00e7a, credo, defici\u00eancias, grupos sociais, assegurando o exerc\u00edcio pleno da cidadania.$vCIRANDA - Central de Not\u00edcias dos Direitos da Inf\u00e2ncia e Adolesc\u00eancia. Gloss\u00e1rio. "}],"skos:broader":["https:\/\/adm.senado.leg.br\/vcb\/vocab\/skos\/1951"],"skos:related":["https:\/\/adm.senado.leg.br\/vcb\/vocab\/skos\/579","https:\/\/adm.senado.leg.br\/vcb\/vocab\/skos\/2176","https:\/\/adm.senado.leg.br\/vcb\/vocab\/skos\/12636","https:\/\/adm.senado.leg.br\/vcb\/vocab\/skos\/12701","https:\/\/adm.senado.leg.br\/vcb\/vocab\/skos\/24178"]}