{"@context":{"dc":"http:\/\/purl.org\/dc\/elements\/1.1\/","skos":"http:\/\/www.w3.org\/2004\/02\/skos\/core#","skos:broader":{"@type":"@id"},"skos:inScheme":{"@type":"@id"},"skos:related":{"@type":"@id"},"skos:narrower":{"@type":"@id"},"skos:hasTopConcept":{"@type":"@id"},"skos:topConceptOf":{"@type":"@id"}},"@id":"https:\/\/adm.senado.leg.br\/vcb\/vocab\/skos\/6908","@type":"skos:Concept","skos:prefLabel":{"@language":"pt-BR","@value=":"Espa\u00e7o urbano"},"skos:inScheme":"https:\/\/adm.senado.leg.br\/vcb\/vocab\/","dct:created":"2020-09-18 17:43:23","skos:definition":[{"@lang":"ab","@value":"Conjunto de diferentes usos da terra justapostos entre si. Tais usos definem \u00e1reas, como: o centro da cidade, local de concentra\u00e7\u00e3o de atividades comerciais, de servi\u00e7o e de gest\u00e3o; \u00e1reas industriais e \u00e1reas residenciais, distintas em termos de forma e conte\u00fado social; \u00e1reas de lazer; e, entre outras, aquelas de reserva para futura expans\u00e3o.$vCorr\u00eaa, Roberto Lobato. O espa\u00e7o urbano "}],"skos:narrower":["https:\/\/adm.senado.leg.br\/vcb\/vocab\/skos\/5856","https:\/\/adm.senado.leg.br\/vcb\/vocab\/skos\/3026","https:\/\/adm.senado.leg.br\/vcb\/vocab\/skos\/6630"],"skos:broader":["https:\/\/adm.senado.leg.br\/vcb\/vocab\/skos\/15623"],"skos:related":["https:\/\/adm.senado.leg.br\/vcb\/vocab\/skos\/1648","https:\/\/adm.senado.leg.br\/vcb\/vocab\/skos\/3228","https:\/\/adm.senado.leg.br\/vcb\/vocab\/skos\/2715","https:\/\/adm.senado.leg.br\/vcb\/vocab\/skos\/6912","https:\/\/adm.senado.leg.br\/vcb\/vocab\/skos\/2716"]}