{"@context":{"dc":"http:\/\/purl.org\/dc\/elements\/1.1\/","skos":"http:\/\/www.w3.org\/2004\/02\/skos\/core#","skos:broader":{"@type":"@id"},"skos:inScheme":{"@type":"@id"},"skos:related":{"@type":"@id"},"skos:narrower":{"@type":"@id"},"skos:hasTopConcept":{"@type":"@id"},"skos:topConceptOf":{"@type":"@id"}},"@id":"https:\/\/adm.senado.leg.br\/vcb\/vocab\/skos\/694","@type":"skos:Concept","skos:prefLabel":{"@language":"pt-BR","@value=":"Controle da comunica\u00e7\u00e3o"},"skos:inScheme":"https:\/\/adm.senado.leg.br\/vcb\/vocab\/","dct:created":"2020-09-18 17:42:58","skos:narrower":["https:\/\/adm.senado.leg.br\/vcb\/vocab\/skos\/670","https:\/\/adm.senado.leg.br\/vcb\/vocab\/skos\/729","https:\/\/adm.senado.leg.br\/vcb\/vocab\/skos\/8833","https:\/\/adm.senado.leg.br\/vcb\/vocab\/skos\/687","https:\/\/adm.senado.leg.br\/vcb\/vocab\/skos\/27423"],"skos:broader":["https:\/\/adm.senado.leg.br\/vcb\/vocab\/skos\/22212"],"skos:altLabel":[{"language":"pt-BR","value":"Controle da imprensa"},{"language":"pt-BR","value":"Controle da informa\u00e7\u00e3o"},{"language":"pt-BR","value":"Controle da m\u00eddia"},{"language":"pt-BR","value":"Controle dos meios de comunica\u00e7\u00e3o"}]}