{"@context":{"dc":"http:\/\/purl.org\/dc\/elements\/1.1\/","skos":"http:\/\/www.w3.org\/2004\/02\/skos\/core#","skos:broader":{"@type":"@id"},"skos:inScheme":{"@type":"@id"},"skos:related":{"@type":"@id"},"skos:narrower":{"@type":"@id"},"skos:hasTopConcept":{"@type":"@id"},"skos:topConceptOf":{"@type":"@id"}},"@id":"https:\/\/adm.senado.leg.br\/vcb\/vocab\/skos\/700","@type":"skos:Concept","skos:prefLabel":{"@language":"pt-BR","@value=":"Justi\u00e7a comunit\u00e1ria"},"skos:inScheme":"https:\/\/adm.senado.leg.br\/vcb\/vocab\/","dct:created":"2020-09-18 17:42:58","skos:definition":[{"@lang":"ab","@value":"\"Medida com potencial para concretizar o acesso \u00e1 justi\u00e7a e consolidar as a\u00e7\u00f5es de descentraliza\u00e7\u00e3o, participa\u00e7\u00e3o e democratiza\u00e7\u00e3o da administra\u00e7\u00e3o da justi\u00e7a\" (ANTUNES, 2008). "}],"skos:editorialNote":[{"@lang":"ab","@value":"341.2723 "}],"skos:broader":["https:\/\/adm.senado.leg.br\/vcb\/vocab\/skos\/697"],"skos:related":["https:\/\/adm.senado.leg.br\/vcb\/vocab\/skos\/1118","https:\/\/adm.senado.leg.br\/vcb\/vocab\/skos\/19443"]}