{"@context":{"dc":"http:\/\/purl.org\/dc\/elements\/1.1\/","skos":"http:\/\/www.w3.org\/2004\/02\/skos\/core#","skos:broader":{"@type":"@id"},"skos:inScheme":{"@type":"@id"},"skos:related":{"@type":"@id"},"skos:narrower":{"@type":"@id"},"skos:hasTopConcept":{"@type":"@id"},"skos:topConceptOf":{"@type":"@id"}},"@id":"https:\/\/adm.senado.leg.br\/vcb\/vocab\/skos\/7142","@type":"skos:Concept","skos:prefLabel":{"@language":"pt-BR","@value=":"Rejuvenescimento"},"skos:inScheme":"https:\/\/adm.senado.leg.br\/vcb\/vocab\/","dct:created":"2020-09-18 17:43:26","skos:definition":[{"@lang":"ab","@value":"Fen\u00f4meno de juventude, vitalidade e frescura sendo restaurados. Isto pode ser aplicado na apar\u00eancia, TECIDOS, fun\u00e7\u00f5es org\u00e2nicas ou outras \u00e1reas.$vDecs "}],"skos:broader":["https:\/\/adm.senado.leg.br\/vcb\/vocab\/skos\/901"],"skos:altLabel":[{"language":"pt-BR","value":"Idade, redu\u00e7\u00e3o"}],"skos:related":["https:\/\/adm.senado.leg.br\/vcb\/vocab\/skos\/7140","https:\/\/adm.senado.leg.br\/vcb\/vocab\/skos\/15679"]}