{"@context":{"dc":"http:\/\/purl.org\/dc\/elements\/1.1\/","skos":"http:\/\/www.w3.org\/2004\/02\/skos\/core#","skos:broader":{"@type":"@id"},"skos:inScheme":{"@type":"@id"},"skos:related":{"@type":"@id"},"skos:narrower":{"@type":"@id"},"skos:hasTopConcept":{"@type":"@id"},"skos:topConceptOf":{"@type":"@id"}},"@id":"https:\/\/adm.senado.leg.br\/vcb\/vocab\/skos\/7151","@type":"skos:Concept","skos:prefLabel":{"@language":"pt-BR","@value=":"Dano ao er\u00e1rio"},"skos:inScheme":"https:\/\/adm.senado.leg.br\/vcb\/vocab\/","dct:created":"2020-09-18 17:43:26","skos:broader":["https:\/\/adm.senado.leg.br\/vcb\/vocab\/skos\/9513"],"skos:altLabel":[{"language":"pt-BR","value":"Les\u00e3o ao er\u00e1rio"},{"language":"pt-BR","value":"Les\u00e3o aos cofres p\u00fablicos"},{"language":"pt-BR","value":"Preju\u00edzo ao er\u00e1rio"}],"skos:related":["https:\/\/adm.senado.leg.br\/vcb\/vocab\/skos\/1919","https:\/\/adm.senado.leg.br\/vcb\/vocab\/skos\/8856","https:\/\/adm.senado.leg.br\/vcb\/vocab\/skos\/10333","https:\/\/adm.senado.leg.br\/vcb\/vocab\/skos\/5043"]}