{"@context":{"dc":"http:\/\/purl.org\/dc\/elements\/1.1\/","skos":"http:\/\/www.w3.org\/2004\/02\/skos\/core#","skos:broader":{"@type":"@id"},"skos:inScheme":{"@type":"@id"},"skos:related":{"@type":"@id"},"skos:narrower":{"@type":"@id"},"skos:hasTopConcept":{"@type":"@id"},"skos:topConceptOf":{"@type":"@id"}},"@id":"https:\/\/adm.senado.leg.br\/vcb\/vocab\/skos\/7249","@type":"skos:Concept","skos:prefLabel":{"@language":"pt-BR","@value=":"Contrato administrativo"},"skos:inScheme":"https:\/\/adm.senado.leg.br\/vcb\/vocab\/","dct:created":"2020-09-18 17:43:27","skos:definition":[{"@lang":"ab","@value":"Todo e qualquer ajuste entre \u00f3rg\u00e3os ou entidades da Administra\u00e7\u00e3o p\u00fablica e particulares, em que haja um acordo de vontades para a forma\u00e7\u00e3o de v\u00ednculo e a estipula\u00e7\u00e3o de obriga\u00e7\u00f5es rec\u00edprocas, seja qual for a denomina\u00e7\u00e3o utilizada.$vBRASIL. Lei 8.666, de 21 de junho de 1993. Regulamenta o art. 37, inciso XXI, da Constitui\u00e7\u00e3o Federal, institui normas para licita\u00e7\u00f5es e contratos da Administra\u00e7\u00e3o p\u00fablica e d\u00e1 outras provid\u00eancias. "}],"skos:editorialNote":[{"@lang":"ab","@value":"341.352 "}],"skos:narrower":["https:\/\/adm.senado.leg.br\/vcb\/vocab\/skos\/4487","https:\/\/adm.senado.leg.br\/vcb\/vocab\/skos\/4488","https:\/\/adm.senado.leg.br\/vcb\/vocab\/skos\/8183","https:\/\/adm.senado.leg.br\/vcb\/vocab\/skos\/8973","https:\/\/adm.senado.leg.br\/vcb\/vocab\/skos\/8977","https:\/\/adm.senado.leg.br\/vcb\/vocab\/skos\/8950","https:\/\/adm.senado.leg.br\/vcb\/vocab\/skos\/8621","https:\/\/adm.senado.leg.br\/vcb\/vocab\/skos\/8951","https:\/\/adm.senado.leg.br\/vcb\/vocab\/skos\/13051","https:\/\/adm.senado.leg.br\/vcb\/vocab\/skos\/14683","https:\/\/adm.senado.leg.br\/vcb\/vocab\/skos\/18790","https:\/\/adm.senado.leg.br\/vcb\/vocab\/skos\/1078","https:\/\/adm.senado.leg.br\/vcb\/vocab\/skos\/2161","https:\/\/adm.senado.leg.br\/vcb\/vocab\/skos\/1110","https:\/\/adm.senado.leg.br\/vcb\/vocab\/skos\/8201"],"skos:broader":["https:\/\/adm.senado.leg.br\/vcb\/vocab\/skos\/1855","https:\/\/adm.senado.leg.br\/vcb\/vocab\/skos\/1281"],"skos:altLabel":[{"language":"pt-BR","value":"Administra\u00e7\u00e3o p\u00fablica, contrata\u00e7\u00e3o"},{"language":"pt-BR","value":"Contrato de direito p\u00fablico"},{"language":"pt-BR","value":"Contrato p\u00fablico"}],"skos:related":["https:\/\/adm.senado.leg.br\/vcb\/vocab\/skos\/8618","https:\/\/adm.senado.leg.br\/vcb\/vocab\/skos\/8884","https:\/\/adm.senado.leg.br\/vcb\/vocab\/skos\/8944","https:\/\/adm.senado.leg.br\/vcb\/vocab\/skos\/8900","https:\/\/adm.senado.leg.br\/vcb\/vocab\/skos\/8901","https:\/\/adm.senado.leg.br\/vcb\/vocab\/skos\/1554","https:\/\/adm.senado.leg.br\/vcb\/vocab\/skos\/5813","https:\/\/adm.senado.leg.br\/vcb\/vocab\/skos\/2153","https:\/\/adm.senado.leg.br\/vcb\/vocab\/skos\/8945","https:\/\/adm.senado.leg.br\/vcb\/vocab\/skos\/6395","https:\/\/adm.senado.leg.br\/vcb\/vocab\/skos\/8946","https:\/\/adm.senado.leg.br\/vcb\/vocab\/skos\/8182","https:\/\/adm.senado.leg.br\/vcb\/vocab\/skos\/1314","https:\/\/adm.senado.leg.br\/vcb\/vocab\/skos\/5706","https:\/\/adm.senado.leg.br\/vcb\/vocab\/skos\/8948","https:\/\/adm.senado.leg.br\/vcb\/vocab\/skos\/8911","https:\/\/adm.senado.leg.br\/vcb\/vocab\/skos\/8912","https:\/\/adm.senado.leg.br\/vcb\/vocab\/skos\/8949","https:\/\/adm.senado.leg.br\/vcb\/vocab\/skos\/8913","https:\/\/adm.senado.leg.br\/vcb\/vocab\/skos\/6749","https:\/\/adm.senado.leg.br\/vcb\/vocab\/skos\/2145"]}