{"@context":{"dc":"http:\/\/purl.org\/dc\/elements\/1.1\/","skos":"http:\/\/www.w3.org\/2004\/02\/skos\/core#","skos:broader":{"@type":"@id"},"skos:inScheme":{"@type":"@id"},"skos:related":{"@type":"@id"},"skos:narrower":{"@type":"@id"},"skos:hasTopConcept":{"@type":"@id"},"skos:topConceptOf":{"@type":"@id"}},"@id":"https:\/\/adm.senado.leg.br\/vcb\/vocab\/skos\/731","@type":"skos:Concept","skos:prefLabel":{"@language":"pt-BR","@value=":"Achado de auditoria"},"skos:inScheme":"https:\/\/adm.senado.leg.br\/vcb\/vocab\/","dct:created":"2020-09-18 17:42:58","skos:definition":[{"@lang":"ab","@value":"Fato relevante, digno de relato pelo auditor, constitu\u00eddo por quatro atributos essenciais: situa\u00e7\u00e3o encontrada (ou condi\u00e7\u00e3o), crit\u00e9rio (como deveria ser), causa (raz\u00e3o do desvio em rela\u00e7\u00e3o ao crit\u00e9rio) e efeito (consequ\u00eancia da condi\u00e7\u00e3o). Decorre da compara\u00e7\u00e3o da situa\u00e7\u00e3o encontrada com o crit\u00e9rio e deve ser comprovado por evid\u00eancia de auditoria.$vBRASIL. Tribunal de Contas da Uni\u00e3o. Gloss\u00e1rio de termos do controle externo. Bras\u00edlia: TCU, 2016 "}],"skos:broader":["https:\/\/adm.senado.leg.br\/vcb\/vocab\/skos\/4260"],"skos:altLabel":[{"language":"pt-BR","value":"Achado"},{"language":"pt-BR","value":"Constata\u00e7\u00e3o (controle externo)"},{"language":"pt-BR","value":"Desenvolvimento do achado"},{"language":"pt-BR","value":"Efeito do achado"},{"language":"pt-BR","value":"Elementos dos achados de auditoria"}],"skos:related":["https:\/\/adm.senado.leg.br\/vcb\/vocab\/skos\/737","https:\/\/adm.senado.leg.br\/vcb\/vocab\/skos\/738","https:\/\/adm.senado.leg.br\/vcb\/vocab\/skos\/246","https:\/\/adm.senado.leg.br\/vcb\/vocab\/skos\/740","https:\/\/adm.senado.leg.br\/vcb\/vocab\/skos\/741","https:\/\/adm.senado.leg.br\/vcb\/vocab\/skos\/742","https:\/\/adm.senado.leg.br\/vcb\/vocab\/skos\/743","https:\/\/adm.senado.leg.br\/vcb\/vocab\/skos\/746","https:\/\/adm.senado.leg.br\/vcb\/vocab\/skos\/747","https:\/\/adm.senado.leg.br\/vcb\/vocab\/skos\/748","https:\/\/adm.senado.leg.br\/vcb\/vocab\/skos\/749"]}