{"@context":{"dc":"http:\/\/purl.org\/dc\/elements\/1.1\/","skos":"http:\/\/www.w3.org\/2004\/02\/skos\/core#","skos:broader":{"@type":"@id"},"skos:inScheme":{"@type":"@id"},"skos:related":{"@type":"@id"},"skos:narrower":{"@type":"@id"},"skos:hasTopConcept":{"@type":"@id"},"skos:topConceptOf":{"@type":"@id"}},"@id":"https:\/\/adm.senado.leg.br\/vcb\/vocab\/skos\/7312","@type":"skos:Concept","skos:prefLabel":{"@language":"pt-BR","@value=":"Igreja"},"skos:inScheme":"https:\/\/adm.senado.leg.br\/vcb\/vocab\/","dct:created":"2020-09-18 17:43:27","skos:scopeNote":[{"@lang":"pt-BR","@value":"Para igrejas espec\u00edficas como assunto, indexar sob sua denomina\u00e7\u00e3o oficial como entidade, no campo 610. Ex.: Igreja Adventista do S\u00e9timo Dia; Igreja Batista; Igreja Cat\u00f3lica; Igreja Universal do Reino de Deus. "}],"skos:narrower":["https:\/\/adm.senado.leg.br\/vcb\/vocab\/skos\/2893","https:\/\/adm.senado.leg.br\/vcb\/vocab\/skos\/16317","https:\/\/adm.senado.leg.br\/vcb\/vocab\/skos\/28014"],"skos:broader":["https:\/\/adm.senado.leg.br\/vcb\/vocab\/skos\/8129"],"skos:related":["https:\/\/adm.senado.leg.br\/vcb\/vocab\/skos\/2608","https:\/\/adm.senado.leg.br\/vcb\/vocab\/skos\/12485","https:\/\/adm.senado.leg.br\/vcb\/vocab\/skos\/148","https:\/\/adm.senado.leg.br\/vcb\/vocab\/skos\/16314","https:\/\/adm.senado.leg.br\/vcb\/vocab\/skos\/16315","https:\/\/adm.senado.leg.br\/vcb\/vocab\/skos\/2609","https:\/\/adm.senado.leg.br\/vcb\/vocab\/skos\/16316","https:\/\/adm.senado.leg.br\/vcb\/vocab\/skos\/353","https:\/\/adm.senado.leg.br\/vcb\/vocab\/skos\/16318","https:\/\/adm.senado.leg.br\/vcb\/vocab\/skos\/6461","https:\/\/adm.senado.leg.br\/vcb\/vocab\/skos\/16319"]}