{"@context":{"dc":"http:\/\/purl.org\/dc\/elements\/1.1\/","skos":"http:\/\/www.w3.org\/2004\/02\/skos\/core#","skos:broader":{"@type":"@id"},"skos:inScheme":{"@type":"@id"},"skos:related":{"@type":"@id"},"skos:narrower":{"@type":"@id"},"skos:hasTopConcept":{"@type":"@id"},"skos:topConceptOf":{"@type":"@id"}},"@id":"https:\/\/adm.senado.leg.br\/vcb\/vocab\/skos\/7316","@type":"skos:Concept","skos:prefLabel":{"@language":"pt-BR","@value=":"Lei org\u00e2nica"},"skos:inScheme":"https:\/\/adm.senado.leg.br\/vcb\/vocab\/","dct:created":"2020-09-18 17:43:27","skos:definition":[{"@lang":"ab","@value":"A que serve de fundamento a uma institui\u00e7\u00e3o (de direito p\u00fablico ou privado).$vFERREIRA, Aur\u00e9lio Buarque de Holanda. Novo Dicion\u00e1rio Aur\u00e9lio da L\u00edngua Portuguesa. 4. Ed.Curitiba: Positivo, 2009 "},{"@lang":"ab","@value":"Cria \u00f3rg\u00e3os de administra\u00e7\u00e3o p\u00fablica ou qualquer institui\u00e7\u00e3o de \u00edndole p\u00fablica, tra\u00e7ando-lhe a compet\u00eancia e regulando-lhe a fun\u00e7\u00e3o. "}],"skos:editorialNote":[{"@lang":"ab","@value":"340.32 "}],"skos:broader":["https:\/\/adm.senado.leg.br\/vcb\/vocab\/skos\/9548"],"skos:related":["https:\/\/adm.senado.leg.br\/vcb\/vocab\/skos\/7315","https:\/\/adm.senado.leg.br\/vcb\/vocab\/skos\/19523"]}