{"@context":{"dc":"http:\/\/purl.org\/dc\/elements\/1.1\/","skos":"http:\/\/www.w3.org\/2004\/02\/skos\/core#","skos:broader":{"@type":"@id"},"skos:inScheme":{"@type":"@id"},"skos:related":{"@type":"@id"},"skos:narrower":{"@type":"@id"},"skos:hasTopConcept":{"@type":"@id"},"skos:topConceptOf":{"@type":"@id"}},"@id":"https:\/\/adm.senado.leg.br\/vcb\/vocab\/skos\/7387","@type":"skos:Concept","skos:prefLabel":{"@language":"pt-BR","@value=":"Cobertura de servi\u00e7os de sa\u00fade"},"skos:inScheme":"https:\/\/adm.senado.leg.br\/vcb\/vocab\/","dct:created":"2020-09-18 17:43:27","dct:modified":"2022-04-09 13:36:37","skos:definition":[{"@lang":"pt-BR","@value":"Extens\u00e3o de servi\u00e7os de assist\u00eancia \u00e0 sa\u00fade prestados \u00e0 popula\u00e7\u00e3o por institui\u00e7\u00f5es p\u00fablicas ou privadas.$vDeCS "}],"skos:broader":["https:\/\/adm.senado.leg.br\/vcb\/vocab\/skos\/22039"],"skos:altLabel":[{"language":"pt-BR","value":"Cobertura (sa\u00fade)"},{"language":"pt-BR","value":"Cobertura assistencial"},{"language":"pt-BR","value":"Cobertura assistencial do plano privado de assist\u00eancia \u00e0 sa\u00fade"},{"language":"pt-BR","value":"Cobertura de Servi\u00e7os Privados de Sa\u00fade"},{"language":"pt-BR","value":"Cobertura de Servi\u00e7os P\u00fablicos de Sa\u00fade"},{"language":"pt-BR","value":"Conv\u00eanio (sa\u00fade)"}],"skos:related":["https:\/\/adm.senado.leg.br\/vcb\/vocab\/skos\/2005"]}