{"@context":{"dc":"http:\/\/purl.org\/dc\/elements\/1.1\/","skos":"http:\/\/www.w3.org\/2004\/02\/skos\/core#","skos:broader":{"@type":"@id"},"skos:inScheme":{"@type":"@id"},"skos:related":{"@type":"@id"},"skos:narrower":{"@type":"@id"},"skos:hasTopConcept":{"@type":"@id"},"skos:topConceptOf":{"@type":"@id"}},"@id":"https:\/\/adm.senado.leg.br\/vcb\/vocab\/skos\/7430","@type":"skos:Concept","skos:prefLabel":{"@language":"pt-BR","@value=":"Direitos da crian\u00e7a"},"skos:inScheme":"https:\/\/adm.senado.leg.br\/vcb\/vocab\/","dct:created":"2020-09-18 17:43:28","skos:editorialNote":[{"@lang":"ab","@value":"342.1157 "},{"@lang":"ab","@value":"342.17 "}],"skos:narrower":["https:\/\/adm.senado.leg.br\/vcb\/vocab\/skos\/11609","https:\/\/adm.senado.leg.br\/vcb\/vocab\/skos\/3644"],"skos:broader":["https:\/\/adm.senado.leg.br\/vcb\/vocab\/skos\/16","https:\/\/adm.senado.leg.br\/vcb\/vocab\/skos\/330"],"skos:altLabel":[{"language":"pt-BR","value":"Direito da crian\u00e7a"},{"language":"pt-BR","value":"Direito das crian\u00e7as"},{"language":"pt-BR","value":"Direitos da inf\u00e2ncia"},{"language":"pt-BR","value":"Direitos das crian\u00e7as"}],"skos:related":["https:\/\/adm.senado.leg.br\/vcb\/vocab\/skos\/9664","https:\/\/adm.senado.leg.br\/vcb\/vocab\/skos\/55","https:\/\/adm.senado.leg.br\/vcb\/vocab\/skos\/11220","https:\/\/adm.senado.leg.br\/vcb\/vocab\/skos\/1336","https:\/\/adm.senado.leg.br\/vcb\/vocab\/skos\/1334","https:\/\/adm.senado.leg.br\/vcb\/vocab\/skos\/7432","https:\/\/adm.senado.leg.br\/vcb\/vocab\/skos\/29123","https:\/\/adm.senado.leg.br\/vcb\/vocab\/skos\/313","https:\/\/adm.senado.leg.br\/vcb\/vocab\/skos\/314","https:\/\/adm.senado.leg.br\/vcb\/vocab\/skos\/9670"]}