{"@context":{"dc":"http:\/\/purl.org\/dc\/elements\/1.1\/","skos":"http:\/\/www.w3.org\/2004\/02\/skos\/core#","skos:broader":{"@type":"@id"},"skos:inScheme":{"@type":"@id"},"skos:related":{"@type":"@id"},"skos:narrower":{"@type":"@id"},"skos:hasTopConcept":{"@type":"@id"},"skos:topConceptOf":{"@type":"@id"}},"@id":"https:\/\/adm.senado.leg.br\/vcb\/vocab\/skos\/7497","@type":"skos:Concept","skos:prefLabel":{"@language":"pt-BR","@value=":"Cogni\u00e7\u00e3o"},"skos:inScheme":"https:\/\/adm.senado.leg.br\/vcb\/vocab\/","dct:created":"2020-09-18 17:43:28","skos:definition":[{"@lang":"pt-BR","@value":"Cogni\u00e7\u00e3o \u00e9 uma fun\u00e7\u00e3o psicol\u00f3gica individual ou coletiva actuante na aquisi\u00e7\u00e3o do conhecimento e se d\u00e1 atrav\u00e9s de alguns processos, como a percep\u00e7\u00e3o, a aten\u00e7\u00e3o, associa\u00e7\u00e3o, mem\u00f3ria, racioc\u00ednio, ju\u00edzo, imagina\u00e7\u00e3o, pensamento e linguagem.$uhttps:\/\/pt.wikipedia.org\/wiki\/Cogni%C3%A7%C3%A3o "}],"skos:narrower":["https:\/\/adm.senado.leg.br\/vcb\/vocab\/skos\/7503","https:\/\/adm.senado.leg.br\/vcb\/vocab\/skos\/6045","https:\/\/adm.senado.leg.br\/vcb\/vocab\/skos\/6046","https:\/\/adm.senado.leg.br\/vcb\/vocab\/skos\/7502"],"skos:broader":["https:\/\/adm.senado.leg.br\/vcb\/vocab\/skos\/897"],"skos:related":["https:\/\/adm.senado.leg.br\/vcb\/vocab\/skos\/2901","https:\/\/adm.senado.leg.br\/vcb\/vocab\/skos\/7498","https:\/\/adm.senado.leg.br\/vcb\/vocab\/skos\/7499","https:\/\/adm.senado.leg.br\/vcb\/vocab\/skos\/7500","https:\/\/adm.senado.leg.br\/vcb\/vocab\/skos\/9687","https:\/\/adm.senado.leg.br\/vcb\/vocab\/skos\/7501","https:\/\/adm.senado.leg.br\/vcb\/vocab\/skos\/2910"]}