{"@context":{"dc":"http:\/\/purl.org\/dc\/elements\/1.1\/","skos":"http:\/\/www.w3.org\/2004\/02\/skos\/core#","skos:broader":{"@type":"@id"},"skos:inScheme":{"@type":"@id"},"skos:related":{"@type":"@id"},"skos:narrower":{"@type":"@id"},"skos:hasTopConcept":{"@type":"@id"},"skos:topConceptOf":{"@type":"@id"}},"@id":"https:\/\/adm.senado.leg.br\/vcb\/vocab\/skos\/7523","@type":"skos:Concept","skos:prefLabel":{"@language":"pt-BR","@value=":"Princ\u00edpio do direito adquirido"},"skos:inScheme":"https:\/\/adm.senado.leg.br\/vcb\/vocab\/","dct:created":"2020-09-18 17:43:28","skos:definition":[{"@lang":"ab","@value":"[...] direito adquirido \u00e9 aquele que, j\u00e1 integrante do patrim\u00f4niode seu titular, pode ser exercido a qualquer momento, n\u00e3o podendo lei posterior, que tenha disciplinado a mat\u00e9ria de modo diferente, causar-lhe preju\u00edzo.$vFARIA, Luiz Alberto Gurgel de. O direito adquirido e as emendas constitucionais. "}],"skos:related":["https:\/\/adm.senado.leg.br\/vcb\/vocab\/skos\/4111"]}