{"@context":{"dc":"http:\/\/purl.org\/dc\/elements\/1.1\/","skos":"http:\/\/www.w3.org\/2004\/02\/skos\/core#","skos:broader":{"@type":"@id"},"skos:inScheme":{"@type":"@id"},"skos:related":{"@type":"@id"},"skos:narrower":{"@type":"@id"},"skos:hasTopConcept":{"@type":"@id"},"skos:topConceptOf":{"@type":"@id"}},"@id":"https:\/\/adm.senado.leg.br\/vcb\/vocab\/skos\/7534","@type":"skos:Concept","skos:prefLabel":{"@language":"pt-BR","@value=":"Colaborador eventual"},"skos:inScheme":"https:\/\/adm.senado.leg.br\/vcb\/vocab\/","dct:created":"2020-09-18 17:43:28","skos:definition":[{"@lang":"ab","@value":"Pessoa que presta servi\u00e7o para a Administra\u00e7\u00e3o p\u00fablica, em car\u00e1ter eventual, sem v\u00ednculo com nenhum \u00f3rg\u00e3o da esfera p\u00fablica. O colaborador eventual n\u00e3o possui matr\u00edcula SIAPE, sendo identificado pelo CPF ou, se estrangeiro, pelo passaporte.$vCGU. Gloss\u00e1rio. "}],"skos:related":["https:\/\/adm.senado.leg.br\/vcb\/vocab\/skos\/22449","https:\/\/adm.senado.leg.br\/vcb\/vocab\/skos\/6749"]}