{"@context":{"dc":"http:\/\/purl.org\/dc\/elements\/1.1\/","skos":"http:\/\/www.w3.org\/2004\/02\/skos\/core#","skos:broader":{"@type":"@id"},"skos:inScheme":{"@type":"@id"},"skos:related":{"@type":"@id"},"skos:narrower":{"@type":"@id"},"skos:hasTopConcept":{"@type":"@id"},"skos:topConceptOf":{"@type":"@id"}},"@id":"https:\/\/adm.senado.leg.br\/vcb\/vocab\/skos\/7567","@type":"skos:Concept","skos:prefLabel":{"@language":"pt-BR","@value=":"Plataforma pol\u00edtica"},"skos:inScheme":"https:\/\/adm.senado.leg.br\/vcb\/vocab\/","dct:created":"2020-09-18 17:43:28","skos:definition":[{"@lang":"ab","@value":"Conjunto de princ\u00edpios, prioridades e objetivos de a\u00e7\u00e3o de um indiv\u00edduo ou grupo pol\u00edtico. "}],"skos:altLabel":[{"language":"pt-BR","value":"Compromisso eleitoral"},{"language":"pt-BR","value":"Plataforma eleitoral"},{"language":"pt-BR","value":"Programa eleitoral"},{"language":"pt-BR","value":"Promessa eleitoral"},{"language":"pt-BR","value":"Promessa pol\u00edtica"}],"skos:related":["https:\/\/adm.senado.leg.br\/vcb\/vocab\/skos\/976","https:\/\/adm.senado.leg.br\/vcb\/vocab\/skos\/2842","https:\/\/adm.senado.leg.br\/vcb\/vocab\/skos\/21520","https:\/\/adm.senado.leg.br\/vcb\/vocab\/skos\/8078"]}