{"@context":{"dc":"http:\/\/purl.org\/dc\/elements\/1.1\/","skos":"http:\/\/www.w3.org\/2004\/02\/skos\/core#","skos:broader":{"@type":"@id"},"skos:inScheme":{"@type":"@id"},"skos:related":{"@type":"@id"},"skos:narrower":{"@type":"@id"},"skos:hasTopConcept":{"@type":"@id"},"skos:topConceptOf":{"@type":"@id"}},"@id":"https:\/\/adm.senado.leg.br\/vcb\/vocab\/skos\/7578","@type":"skos:Concept","skos:prefLabel":{"@language":"pt-BR","@value=":"Comunidade ind\u00edgena"},"skos:inScheme":"https:\/\/adm.senado.leg.br\/vcb\/vocab\/","dct:created":"2020-09-18 17:43:28","skos:definition":[{"@lang":"ab","@value":"Conjunto de fam\u00edlias ou comunidades \u00edndias, quer vivendo em estado de completo isolamento em rela\u00e7\u00e3o aos outros setores da comunh\u00e3o nacional, quer em contatos intermitentes ou permanentes, sem contudo estarem neles integrados.$vBRASIL. Minist\u00e9rio P\u00fablico Federal.O que \u00e9 lixo org\u00e2nico e inorg\u00e2nico. "}],"skos:broader":["https:\/\/adm.senado.leg.br\/vcb\/vocab\/skos\/3764","https:\/\/adm.senado.leg.br\/vcb\/vocab\/skos\/6584"],"skos:related":["https:\/\/adm.senado.leg.br\/vcb\/vocab\/skos\/7577","https:\/\/adm.senado.leg.br\/vcb\/vocab\/skos\/7579","https:\/\/adm.senado.leg.br\/vcb\/vocab\/skos\/8121","https:\/\/adm.senado.leg.br\/vcb\/vocab\/skos\/7580"]}