{"@context":{"dc":"http:\/\/purl.org\/dc\/elements\/1.1\/","skos":"http:\/\/www.w3.org\/2004\/02\/skos\/core#","skos:broader":{"@type":"@id"},"skos:inScheme":{"@type":"@id"},"skos:related":{"@type":"@id"},"skos:narrower":{"@type":"@id"},"skos:hasTopConcept":{"@type":"@id"},"skos:topConceptOf":{"@type":"@id"}},"@id":"https:\/\/adm.senado.leg.br\/vcb\/vocab\/skos\/7579","@type":"skos:Concept","skos:prefLabel":{"@language":"pt-BR","@value=":"Reserva ind\u00edgena"},"skos:inScheme":"https:\/\/adm.senado.leg.br\/vcb\/vocab\/","dct:created":"2020-09-18 17:43:28","skos:scopeNote":[{"@lang":"pt-BR","@value":"Para reserva ind\u00edgena com nome espec\u00edfico, usar a forma padronizada de nome geogr\u00e1fico, no campo assunto geogr\u00e1fico (651) e\/ou no subcampo $z dos campos 6XX. Ex.: Terra Ind\u00edgena Raposa Serra do Sol (RR) "}],"skos:definition":[{"@lang":"ab","@value":"\u00c1rea caracterizada por possuir sociedades ind\u00edgenas. Geralmente, as reservas ind\u00edgenas s\u00e3o isoladas e remotas e podem manter sua inacessibilidade por um longo per\u00edodo de tempo. Os objetivos de manejo s\u00e3o proporcionar o modo de vida de sociedades que vivem em harmonia e em depend\u00eancia do meio ambiente, evitando um dist\u00farbio pela moderna tecnologia e, em segundo plano, realizar pesquisas sobre a evolu\u00e7\u00e3o do homem e sua intera\u00e7\u00e3o com a terra.$vGLOSS\u00c1RIO Ambiental da CETESB. S\u00e3o Paulo: Cetesb. "}],"skos:broader":["https:\/\/adm.senado.leg.br\/vcb\/vocab\/skos\/16622","https:\/\/adm.senado.leg.br\/vcb\/vocab\/skos\/21351"],"skos:altLabel":[{"language":"pt-BR","value":"Aldeia ind\u00edgena"},{"language":"pt-BR","value":"\u00c1rea ind\u00edgena"}],"skos:related":["https:\/\/adm.senado.leg.br\/vcb\/vocab\/skos\/7577","https:\/\/adm.senado.leg.br\/vcb\/vocab\/skos\/7578","https:\/\/adm.senado.leg.br\/vcb\/vocab\/skos\/10634","https:\/\/adm.senado.leg.br\/vcb\/vocab\/skos\/3422","https:\/\/adm.senado.leg.br\/vcb\/vocab\/skos\/7479","https:\/\/adm.senado.leg.br\/vcb\/vocab\/skos\/3587","https:\/\/adm.senado.leg.br\/vcb\/vocab\/skos\/8121","https:\/\/adm.senado.leg.br\/vcb\/vocab\/skos\/7580"]}