{"@context":{"dc":"http:\/\/purl.org\/dc\/elements\/1.1\/","skos":"http:\/\/www.w3.org\/2004\/02\/skos\/core#","skos:broader":{"@type":"@id"},"skos:inScheme":{"@type":"@id"},"skos:related":{"@type":"@id"},"skos:narrower":{"@type":"@id"},"skos:hasTopConcept":{"@type":"@id"},"skos:topConceptOf":{"@type":"@id"}},"@id":"https:\/\/adm.senado.leg.br\/vcb\/vocab\/skos\/7585","@type":"skos:Concept","skos:prefLabel":{"@language":"pt-BR","@value=":"Penitenci\u00e1ria"},"skos:inScheme":"https:\/\/adm.senado.leg.br\/vcb\/vocab\/","dct:created":"2020-09-18 17:43:28","skos:definition":[{"@lang":"ab","@value":"Estabelecimento oficial a que se recolhem os condenados \u00e0 pena de reclus\u00e3o ou deten\u00e7\u00e3o, os quais, no decorrer do cumprimento da senten\u00e7a, ficam sujeitos a trabalho remunerado e, mediante medidas progressivamente aplicadas, recebem assist\u00eancia para sua reeduca\u00e7\u00e3o e readapta\u00e7\u00e3o social.$vFERREIRA, Aur\u00e9lio Buarque de Holanda. Novo Dicion\u00e1rio Aur\u00e9lio da L\u00edngua Portuguesa "}],"skos:editorialNote":[{"@lang":"ab","@value":"341.5814 "}],"skos:narrower":["https:\/\/adm.senado.leg.br\/vcb\/vocab\/skos\/5968","https:\/\/adm.senado.leg.br\/vcb\/vocab\/skos\/15457","https:\/\/adm.senado.leg.br\/vcb\/vocab\/skos\/14625","https:\/\/adm.senado.leg.br\/vcb\/vocab\/skos\/22689","https:\/\/adm.senado.leg.br\/vcb\/vocab\/skos\/21654"],"skos:broader":["https:\/\/adm.senado.leg.br\/vcb\/vocab\/skos\/10521","https:\/\/adm.senado.leg.br\/vcb\/vocab\/skos\/7586"],"skos:altLabel":[{"language":"pt-BR","value":"Cadeia"},{"language":"pt-BR","value":"C\u00e1rcere"},{"language":"pt-BR","value":"Estabelecimento prisional"},{"language":"pt-BR","value":"Pres\u00eddio"},{"language":"pt-BR","value":"Unidade prisional"}],"skos:related":["https:\/\/adm.senado.leg.br\/vcb\/vocab\/skos\/1595","https:\/\/adm.senado.leg.br\/vcb\/vocab\/skos\/7583","https:\/\/adm.senado.leg.br\/vcb\/vocab\/skos\/9747","https:\/\/adm.senado.leg.br\/vcb\/vocab\/skos\/8288","https:\/\/adm.senado.leg.br\/vcb\/vocab\/skos\/21631","https:\/\/adm.senado.leg.br\/vcb\/vocab\/skos\/10522","https:\/\/adm.senado.leg.br\/vcb\/vocab\/skos\/10523","https:\/\/adm.senado.leg.br\/vcb\/vocab\/skos\/29598"]}