{"@context":{"dc":"http:\/\/purl.org\/dc\/elements\/1.1\/","skos":"http:\/\/www.w3.org\/2004\/02\/skos\/core#","skos:broader":{"@type":"@id"},"skos:inScheme":{"@type":"@id"},"skos:related":{"@type":"@id"},"skos:narrower":{"@type":"@id"},"skos:hasTopConcept":{"@type":"@id"},"skos:topConceptOf":{"@type":"@id"}},"@id":"https:\/\/adm.senado.leg.br\/vcb\/vocab\/skos\/76","@type":"skos:Concept","skos:prefLabel":{"@language":"pt-BR","@value=":"Recursos h\u00eddricos"},"skos:inScheme":"https:\/\/adm.senado.leg.br\/vcb\/vocab\/","dct:created":"2020-09-18 17:42:56","skos:definition":[{"@lang":"ab","@value":"Quantidade das \u00e1guas superficiais e\/ou subterr\u00e2neas, presentes em uma regi\u00e3o ou bacia, dispon\u00edveis para qualquer tipo de uso.$vIBGE. Vocabul\u00e1rio b\u00e1sico de recursos naturais e meio ambiente. 2. ed. Rio da Janeiro, 2004. "}],"skos:narrower":["https:\/\/adm.senado.leg.br\/vcb\/vocab\/skos\/67","https:\/\/adm.senado.leg.br\/vcb\/vocab\/skos\/12435","https:\/\/adm.senado.leg.br\/vcb\/vocab\/skos\/3817"],"skos:broader":["https:\/\/adm.senado.leg.br\/vcb\/vocab\/skos\/12493"],"skos:altLabel":[{"language":"pt-BR","value":"Recursos aqu\u00e1ticos"},{"language":"pt-BR","value":"Recursos de \u00e1gua"}],"skos:related":["https:\/\/adm.senado.leg.br\/vcb\/vocab\/skos\/62","https:\/\/adm.senado.leg.br\/vcb\/vocab\/skos\/1236","https:\/\/adm.senado.leg.br\/vcb\/vocab\/skos\/2941","https:\/\/adm.senado.leg.br\/vcb\/vocab\/skos\/4722","https:\/\/adm.senado.leg.br\/vcb\/vocab\/skos\/999","https:\/\/adm.senado.leg.br\/vcb\/vocab\/skos\/23461","https:\/\/adm.senado.leg.br\/vcb\/vocab\/skos\/9473","https:\/\/adm.senado.leg.br\/vcb\/vocab\/skos\/1755","https:\/\/adm.senado.leg.br\/vcb\/vocab\/skos\/5554","https:\/\/adm.senado.leg.br\/vcb\/vocab\/skos\/75","https:\/\/adm.senado.leg.br\/vcb\/vocab\/skos\/375","https:\/\/adm.senado.leg.br\/vcb\/vocab\/skos\/11670","https:\/\/adm.senado.leg.br\/vcb\/vocab\/skos\/3816","https:\/\/adm.senado.leg.br\/vcb\/vocab\/skos\/1698","https:\/\/adm.senado.leg.br\/vcb\/vocab\/skos\/1189","https:\/\/adm.senado.leg.br\/vcb\/vocab\/skos\/997","https:\/\/adm.senado.leg.br\/vcb\/vocab\/skos\/10939","https:\/\/adm.senado.leg.br\/vcb\/vocab\/skos\/2945"]}