{"@context":{"dc":"http:\/\/purl.org\/dc\/elements\/1.1\/","skos":"http:\/\/www.w3.org\/2004\/02\/skos\/core#","skos:broader":{"@type":"@id"},"skos:inScheme":{"@type":"@id"},"skos:related":{"@type":"@id"},"skos:narrower":{"@type":"@id"},"skos:hasTopConcept":{"@type":"@id"},"skos:topConceptOf":{"@type":"@id"}},"@id":"https:\/\/adm.senado.leg.br\/vcb\/vocab\/skos\/7656","@type":"skos:Concept","skos:prefLabel":{"@language":"pt-BR","@value=":"Com\u00e9rcio interno"},"skos:inScheme":"https:\/\/adm.senado.leg.br\/vcb\/vocab\/","dct:created":"2020-09-18 17:43:30","skos:definition":[{"@lang":"pt-BR","@value":"Com\u00e9rcio interno\u00a0\u00e9 comercializa\u00e7\u00e3o, presta\u00e7\u00e3o de servi\u00e7os, de um produto dentro de seu pr\u00f3prio pa\u00eds. "}],"skos:broader":["https:\/\/adm.senado.leg.br\/vcb\/vocab\/skos\/5901","https:\/\/adm.senado.leg.br\/vcb\/vocab\/skos\/119"],"skos:altLabel":[{"language":"pt-BR","value":"Com\u00e9rcio interestadual"},{"language":"pt-BR","value":"Com\u00e9rcio interior"}],"skos:related":["https:\/\/adm.senado.leg.br\/vcb\/vocab\/skos\/4701","https:\/\/adm.senado.leg.br\/vcb\/vocab\/skos\/115","https:\/\/adm.senado.leg.br\/vcb\/vocab\/skos\/7703"]}