{"@context":{"dc":"http:\/\/purl.org\/dc\/elements\/1.1\/","skos":"http:\/\/www.w3.org\/2004\/02\/skos\/core#","skos:broader":{"@type":"@id"},"skos:inScheme":{"@type":"@id"},"skos:related":{"@type":"@id"},"skos:narrower":{"@type":"@id"},"skos:hasTopConcept":{"@type":"@id"},"skos:topConceptOf":{"@type":"@id"}},"@id":"https:\/\/adm.senado.leg.br\/vcb\/vocab\/skos\/772","@type":"skos:Concept","skos:prefLabel":{"@language":"pt-BR","@value=":"Aeronave"},"skos:inScheme":"https:\/\/adm.senado.leg.br\/vcb\/vocab\/","dct:created":"2020-09-18 17:42:58","skos:definition":[{"@lang":"ab","@value":"Bem m\u00f3vel que possui as caracter\u00edsticas de ser manobr\u00e1vel em voo, de sustentar-se e circular no espa\u00e7o a\u00e9reo, mediante rea\u00e7\u00f5es aerodin\u00e2micas, e capaz de transportar pessoas e cargas "}],"skos:narrower":["https:\/\/adm.senado.leg.br\/vcb\/vocab\/skos\/1476","https:\/\/adm.senado.leg.br\/vcb\/vocab\/skos\/27921","https:\/\/adm.senado.leg.br\/vcb\/vocab\/skos\/1477","https:\/\/adm.senado.leg.br\/vcb\/vocab\/skos\/1460","https:\/\/adm.senado.leg.br\/vcb\/vocab\/skos\/1478","https:\/\/adm.senado.leg.br\/vcb\/vocab\/skos\/1479","https:\/\/adm.senado.leg.br\/vcb\/vocab\/skos\/15280","https:\/\/adm.senado.leg.br\/vcb\/vocab\/skos\/1456","https:\/\/adm.senado.leg.br\/vcb\/vocab\/skos\/1480","https:\/\/adm.senado.leg.br\/vcb\/vocab\/skos\/1481"],"skos:broader":["https:\/\/adm.senado.leg.br\/vcb\/vocab\/skos\/1475"],"skos:altLabel":[{"language":"pt-BR","value":"Aeronaves"}],"skos:related":["https:\/\/adm.senado.leg.br\/vcb\/vocab\/skos\/763","https:\/\/adm.senado.leg.br\/vcb\/vocab\/skos\/1464","https:\/\/adm.senado.leg.br\/vcb\/vocab\/skos\/1443","https:\/\/adm.senado.leg.br\/vcb\/vocab\/skos\/1465","https:\/\/adm.senado.leg.br\/vcb\/vocab\/skos\/1466","https:\/\/adm.senado.leg.br\/vcb\/vocab\/skos\/1430","https:\/\/adm.senado.leg.br\/vcb\/vocab\/skos\/1467","https:\/\/adm.senado.leg.br\/vcb\/vocab\/skos\/1468","https:\/\/adm.senado.leg.br\/vcb\/vocab\/skos\/773","https:\/\/adm.senado.leg.br\/vcb\/vocab\/skos\/774","https:\/\/adm.senado.leg.br\/vcb\/vocab\/skos\/1445","https:\/\/adm.senado.leg.br\/vcb\/vocab\/skos\/1449","https:\/\/adm.senado.leg.br\/vcb\/vocab\/skos\/1469","https:\/\/adm.senado.leg.br\/vcb\/vocab\/skos\/1470","https:\/\/adm.senado.leg.br\/vcb\/vocab\/skos\/24615","https:\/\/adm.senado.leg.br\/vcb\/vocab\/skos\/1471","https:\/\/adm.senado.leg.br\/vcb\/vocab\/skos\/1472","https:\/\/adm.senado.leg.br\/vcb\/vocab\/skos\/1473","https:\/\/adm.senado.leg.br\/vcb\/vocab\/skos\/1474","https:\/\/adm.senado.leg.br\/vcb\/vocab\/skos\/26052"]}