{"@context":{"dc":"http:\/\/purl.org\/dc\/elements\/1.1\/","skos":"http:\/\/www.w3.org\/2004\/02\/skos\/core#","skos:broader":{"@type":"@id"},"skos:inScheme":{"@type":"@id"},"skos:related":{"@type":"@id"},"skos:narrower":{"@type":"@id"},"skos:hasTopConcept":{"@type":"@id"},"skos:topConceptOf":{"@type":"@id"}},"@id":"https:\/\/adm.senado.leg.br\/vcb\/vocab\/skos\/776","@type":"skos:Concept","skos:prefLabel":{"@language":"pt-BR","@value=":"Seguran\u00e7a a\u00e9rea"},"skos:inScheme":"https:\/\/adm.senado.leg.br\/vcb\/vocab\/","dct:created":"2020-09-18 17:42:58","skos:definition":[{"@lang":"ab","@value":"Estado em que o risco de les\u00f5es \u00e0s pessoas ou de danos aos bens se reduz e se mant\u00e9m em um n\u00edvel aceit\u00e1vel, ou abaixo deste, por meio de um processo cont\u00ednuo de identifica\u00e7\u00e3o de perigos e gest\u00e3o de riscos.$vBRASIL. Tribunal de Contas da Uni\u00e3o. Sistema de avia\u00e7\u00e3o civil brasileiro. "},{"@lang":"ab","@value":"T\u00e9cnicas usadas para impedir falhas ou acidentes de avi\u00e3o; o grau a que um avi\u00e3o est\u00e1 livre de riscos de maul funcionamento ou de acidentes. "}],"skos:broader":["https:\/\/adm.senado.leg.br\/vcb\/vocab\/skos\/22232"],"skos:altLabel":[{"language":"pt-BR","value":"Seguran\u00e7a aeron\u00e1utica"},{"language":"pt-BR","value":"Seguran\u00e7a da avia\u00e7\u00e3o"},{"language":"pt-BR","value":"Seguran\u00e7a de voo"},{"language":"pt-BR","value":"Seguran\u00e7a na avia\u00e7\u00e3o"},{"language":"pt-BR","value":"Seguran\u00e7a no transporte a\u00e9reo"},{"language":"pt-BR","value":"Seguran\u00e7a operacional"},{"language":"pt-BR","value":"Tr\u00e1fego a\u00e9reo, seguran\u00e7a"},{"language":"pt-BR","value":"Transporte a\u00e9reo, seguran\u00e7a"}],"skos:related":["https:\/\/adm.senado.leg.br\/vcb\/vocab\/skos\/763","https:\/\/adm.senado.leg.br\/vcb\/vocab\/skos\/1088","https:\/\/adm.senado.leg.br\/vcb\/vocab\/skos\/1442","https:\/\/adm.senado.leg.br\/vcb\/vocab\/skos\/4596","https:\/\/adm.senado.leg.br\/vcb\/vocab\/skos\/1465","https:\/\/adm.senado.leg.br\/vcb\/vocab\/skos\/9994","https:\/\/adm.senado.leg.br\/vcb\/vocab\/skos\/773","https:\/\/adm.senado.leg.br\/vcb\/vocab\/skos\/774","https:\/\/adm.senado.leg.br\/vcb\/vocab\/skos\/1447","https:\/\/adm.senado.leg.br\/vcb\/vocab\/skos\/26984","https:\/\/adm.senado.leg.br\/vcb\/vocab\/skos\/1449","https:\/\/adm.senado.leg.br\/vcb\/vocab\/skos\/1471","https:\/\/adm.senado.leg.br\/vcb\/vocab\/skos\/1472","https:\/\/adm.senado.leg.br\/vcb\/vocab\/skos\/1474"]}