{"@context":{"dc":"http:\/\/purl.org\/dc\/elements\/1.1\/","skos":"http:\/\/www.w3.org\/2004\/02\/skos\/core#","skos:broader":{"@type":"@id"},"skos:inScheme":{"@type":"@id"},"skos:related":{"@type":"@id"},"skos:narrower":{"@type":"@id"},"skos:hasTopConcept":{"@type":"@id"},"skos:topConceptOf":{"@type":"@id"}},"@id":"https:\/\/adm.senado.leg.br\/vcb\/vocab\/skos\/7804","@type":"skos:Concept","skos:prefLabel":{"@language":"pt-BR","@value=":"Compet\u00eancia interna"},"skos:inScheme":"https:\/\/adm.senado.leg.br\/vcb\/vocab\/","dct:created":"2020-09-18 17:43:31","skos:definition":[{"@lang":"ab","@value":"A Compet\u00eancia Interna consiste na divis\u00e3o, apenas did\u00e1tica, do tema Compet\u00eancia em: Compet\u00eancia em raz\u00e3o do valor e da mat\u00e9ria, Compet\u00eancia Funcional e Compet\u00eancia Territorial. "}],"skos:broader":["https:\/\/adm.senado.leg.br\/vcb\/vocab\/skos\/1872"]}